{"id":120105,"date":"2021-11-01T06:39:24","date_gmt":"2021-11-01T09:39:24","guid":{"rendered":"http:\/\/argentinamunicipal.com.ar\/argentina\/?p=120105"},"modified":"2021-11-01T06:39:24","modified_gmt":"2021-11-01T09:39:24","slug":"movilidad-vivienda-y-suelo-datos-para-lograr-una-santa-fe-equilibrada","status":"publish","type":"post","link":"http:\/\/argentinamunicipal.com.ar\/argentina\/movilidad-vivienda-y-suelo-datos-para-lograr-una-santa-fe-equilibrada\/","title":{"rendered":"Movilidad, vivienda y suelo: datos para lograr una Santa Fe equilibrada"},"content":{"rendered":"<p>\u00abSanta Fe tiene que ser una ciudad equilibrada y tener la misma calidad de espacio p\u00fablico tanto en el este como en el oeste\u00bb, dijo el concejal Lucas Simoniello, en el marco de la tercera edici\u00f3n de \u00abEncuentros por las Ciudades\u00bb. Se compartieron estad\u00edsticas sobre alquileres, viviendas, espacios verdes p\u00fablicos, entre otras tem\u00e1ticas urbanas.<\/p>\n<p>En el marco de \u00abOctubre Urbano\u00bb, mes que inicia con la celebraci\u00f3n del D\u00eda Mundial del H\u00e1bitat y finaliza este 31 con el D\u00eda Mundial de las Ciudades, en la ciudad de Santa Fe se desarrolla hasta este domingo la tercera edici\u00f3n de \u00abEncuentro por las Ciudades\u00bb. El concejal Lucas Simoniello (UCR-FPCyS) es integrante e impulsor del espacio Encuentro. En una entrevista con El Litoral coment\u00f3 los objetivos de este evento que tuvo su jornada inaugural el pasado viernes con la presentaci\u00f3n del Observatorio Data Encuentro.<\/p>\n<p>\u00abA lo largo de estos a\u00f1os fuimos haciendo rondas de di\u00e1logo para intercambiar temas de la ciudad, se elaboraron algunos informes referidos a la movilidad, a la vivienda y en particularidad a las oportunidades del suelo p\u00fablico\u00bb, mencion\u00f3 Simoniello, tras la jornada inaugural realizada en el Colegio de Profesionales de la Agrimensura, que cont\u00f3 con un nutrido n\u00famero de participantes.<\/p>\n<p>Respecto al primer d\u00eda de actividades, el concejal destac\u00f3: \u00abSe trataron temas que hacen al desarrollo de la ciudad, en esta oportunidad dividimos el encuentro en dos instancias. Una primera en la que contamos el recorrido de estos a\u00f1os y los datos elaborados en el Observatorio que llamamos Data Encuentro, en que buscamos justamente generar datos y archivo para poder implementar pol\u00edticas p\u00fablicas de calidad\u00bb.<\/p>\n<p>El Observatorio, que busca crear un espacio de informaci\u00f3n, intercambio y colaboraci\u00f3n, para la producci\u00f3n y difusi\u00f3n de relevamientos propios, est\u00e1 compuesto por un equipo inter y multidisciplinario de profesionales que lleva adelante relevamientos tanto cualitativos como cuantitativos. Adem\u00e1s, se destaca por representar un espacio abierto para cualquier persona que desee participar, realizando su investigaci\u00f3n, ya sea de manera temporal -formando parte de un proyecto en particular-, como de forma permanente.<\/p>\n<p>Los t\u00f3picos en los que hace foco el Observatorio son: alquileres; viviendas; espacios verdes p\u00fablicos; movilidad; accesibilidad; infancias (espacios de crianza, ense\u00f1anza y cuidado); riesgo h\u00eddrico; y construcci\u00f3n sustentable. Cada uno de estos puntos fue compartido con referentes del Colegio de Agrimensura, el Colegio de Arquitectos, de la Universidad Nacional del Litoral; la Universidad Cat\u00f3lica Santa Fe y organizaciones sociales de la ciudad.<\/p>\n<p><strong>Movilidad y construcci\u00f3n sustentable<\/strong><\/p>\n<p>En el informe se destaca que \u00abtras la identificaci\u00f3n de 9 nodos estrat\u00e9gicos en la ciudad, se persigui\u00f3 el objetivo de plantear la articulaci\u00f3n de las diversas formas de movilidad bajo el concepto de complementariedad, a fin de contribuir con la implementaci\u00f3n de movilidad a un Sistema de Movilidad Integrado y Sustentable\u00bb.<\/p>\n<p>En este sentido, obtener informaci\u00f3n al respecto les permiti\u00f3 \u00abidentificar nodos estrat\u00e9gicos de movilidad en la ciudad, en cuanto a concurrencia y flujo de personas; proponer un dispositivo que nuclea y ordena los diferentes medios de movilidad en dichos puntos; y as\u00ed poder potenciar la combinaci\u00f3n y diversificaci\u00f3n de los diferentes medios de movilidad, con el objetivo de aportar a un cambio de paradigma donde las personas puedan elegir como moverse\u00bb.<\/p>\n<p>Otro de los aspectos que se analiza en el Observatorio es el de la construcci\u00f3n sustentable. En este sentido, el edil indic\u00f3 que apuntan a ver las opciones para generar una organizaci\u00f3n sostenible para la ciudad, \u00abson muchos los edificios de altura, y hay que establecer una estrategia adecuada\u00bb, destac\u00f3.<\/p>\n<p><strong>Alquileres en pandemia<\/strong><\/p>\n<p>Simoniello indic\u00f3 que uno de los puntos que estudiaron y obtuvieron estad\u00edsticas fue acerca de temas referidos a la vivienda y condiciones de h\u00e1bitat en la ciudad de Santa Fe: \u00abSe gener\u00f3 informaci\u00f3n confiable en materia de alquileres, en c\u00f3mo ha crecido la ciudad en los \u00faltimos 10 a\u00f1os y c\u00f3mo se ha transformado\u00bb.<\/p>\n<p>Lucas Simoniello: \u00abPara que Santa Fe sea una ciudad equilibrada debe tener la misma calidad de espacio p\u00fablico tanto en el este como en el oeste\u00bb.Foto: Flavio Raina<\/p>\n<p>Entre algunos de los datos obtenidos con relaci\u00f3n a la situaci\u00f3n de los alquileres, en contexto de pandemia, el 54% de los inquilinos pagaron con normalidad; el 33% con dificultad; el 8% mediante acuerdo, y el 3% no pudo hacer frente al pago. Este porcentaje del 3 % representa a 4.500 viviendas.<\/p>\n<p>Quienes no pudieron pagar el alquiler indicaron que fue por falta de trabajo (30%); el 39% por la reducci\u00f3n parcial de sus ingresos; acumulaci\u00f3n de deudas (9%); y el 9% restante por la imposibilidad de llegar a un acuerdo con la inmobiliaria o con el propietario.<\/p>\n<p><strong>Desaf\u00edos\u00a0<\/strong><\/p>\n<p>-En base a los datos obtenidos, \u00bfQu\u00e9 perspectivas tiene Santa Fe y hacia d\u00f3nde piensa que debe ir?<\/p>\n<p>-Queremos mantener un espacio de debate en la ciudad. Santa Fe, desde mi punto de vista, ha cambiado mucho desde el 2008 a esta parte. Mejor\u00f3 mucho en cuanto a sus graves problemas h\u00eddricos que ha tenido, pero que tiene que ser reimpulsada para ser equilibrada.<\/p>\n<p>-\u00bfC\u00f3mo se logra una ciudad \u00abequilibrada\u00bb?<\/p>\n<p>-Para que Santa Fe sea una ciudad equilibrada debe tener la misma calidad de espacio p\u00fablico tanto en el este como en el oeste. Y hay que entender que si -por ejemplo- se ha utilizado mucho m\u00e1s el medio de movilidad bicicleta o caminata en el centro y centro-este, no podemos pretender que un estudiante se traslade sin intermodalidad y sin acceso a un transporte p\u00fablico de calidad desde barrio Yapey\u00fa hasta la Ciudad Universitaria.<\/p>\n<p>-\u00bfEs una ciudad con potencial?<\/p>\n<p>-S\u00ed, Santa Fe tiene una enorme potencialidad, pero debe ser equilibrada. Hay obras de intervenci\u00f3n integral en barrios que se tienen que seguir haciendo y consiguiendo el financiamiento. No hay que olvidarse de que el municipio es el ente m\u00e1s endeble y a su vez la resonancia de todos los problemas, que siempre terminan en calle Salta 2951, cuando siempre el presupuesto no alcanza para obras de intervenci\u00f3n integral.<\/p>\n<p>Cuando uno puede generar una ciudad con mayores oportunidades, producci\u00f3n, trabajo y mejor acceso al h\u00e1bitat y espacio p\u00fablico, va a redundar en menos inseguridad.<\/p>\n<p><strong>TALLER DE HUERTA<\/strong><br \/>\nPara completar el tercer Encuentro por las Ciudades, este domingo en el Parque de la Locomotora (Laprida al 5000) se realiza un taller de huerta, a partir de las 15.30 horas, junto a M\u00e1s Huerta, un grupo que brinda talleres y capacitaciones.\u00a0En la ocasi\u00f3n, se armar\u00e1n plantines para empezar huertas domiciliarias y se invita a participar tanto a ni\u00f1os y ni\u00f1as como a adultos.<\/p>\n<h6>Fuente: El Litoral<\/h6>\n","protected":false},"excerpt":{"rendered":"<p>\u00abSanta Fe tiene que ser una ciudad equilibrada y tener la misma calidad de espacio p\u00fablico tanto en el este como en el oeste\u00bb, dijo el concejal Lucas Simoniello, en el marco de la tercera edici\u00f3n de \u00abEncuentros por las Ciudades\u00bb<\/p>\n","protected":false},"author":2,"featured_media":120106,"comment_status":"closed","ping_status":"closed","sticky":false,"template":"","format":"standard","meta":{"footnotes":""},"categories":[2],"tags":[10],"class_list":["post-120105","post","type-post","status-publish","format-standard","has-post-thumbnail","hentry","category-informe-municipal","tag-santa-fe"],"_links":{"self":[{"href":"http:\/\/argentinamunicipal.com.ar\/argentina\/wp-json\/wp\/v2\/posts\/120105","targetHints":{"allow":["GET"]}}],"collection":[{"href":"http:\/\/argentinamunicipal.com.ar\/argentina\/wp-json\/wp\/v2\/posts"}],"about":[{"href":"http:\/\/argentinamunicipal.com.ar\/argentina\/wp-json\/wp\/v2\/types\/post"}],"author":[{"embeddable":true,"href":"http:\/\/argentinamunicipal.com.ar\/argentina\/wp-json\/wp\/v2\/users\/2"}],"replies":[{"embeddable":true,"href":"http:\/\/argentinamunicipal.com.ar\/argentina\/wp-json\/wp\/v2\/comments?post=120105"}],"version-history":[{"count":0,"href":"http:\/\/argentinamunicipal.com.ar\/argentina\/wp-json\/wp\/v2\/posts\/120105\/revisions"}],"wp:featuredmedia":[{"embeddable":true,"href":"http:\/\/argentinamunicipal.com.ar\/argentina\/wp-json\/wp\/v2\/media\/120106"}],"wp:attachment":[{"href":"http:\/\/argentinamunicipal.com.ar\/argentina\/wp-json\/wp\/v2\/media?parent=120105"}],"wp:term":[{"taxonomy":"category","embeddable":true,"href":"http:\/\/argentinamunicipal.com.ar\/argentina\/wp-json\/wp\/v2\/categories?post=120105"},{"taxonomy":"post_tag","embeddable":true,"href":"http:\/\/argentinamunicipal.com.ar\/argentina\/wp-json\/wp\/v2\/tags?post=120105"}],"curies":[{"name":"wp","href":"https:\/\/api.w.org\/{rel}","templated":true}]}}