{"id":120134,"date":"2021-11-02T05:12:10","date_gmt":"2021-11-02T08:12:10","guid":{"rendered":"http:\/\/argentinamunicipal.com.ar\/argentina\/?p=120134"},"modified":"2021-11-01T20:14:25","modified_gmt":"2021-11-01T23:14:25","slug":"la-urgencia-en-municipios-santafesinos-es-controlar-los-precios-y-mejorar-salarios","status":"publish","type":"post","link":"http:\/\/argentinamunicipal.com.ar\/argentina\/la-urgencia-en-municipios-santafesinos-es-controlar-los-precios-y-mejorar-salarios\/","title":{"rendered":"La urgencia en municipios santafesinos es controlar los precios y mejorar salarios"},"content":{"rendered":"<p>El Gobierno Nacional alcanz\u00f3 con todos los Gobernadores del pa\u00eds, un consenso para que las Provincias garanticen efectivamente el Control de Precios, tras el acuerdo pactado por noventa (d\u00edas) entre el Ejecutivo encabezado por Alberto Fern\u00e1ndez y un sinn\u00famero de empresas. El tema es central para la vida de los trabajadores y trabajadoras de todo el pa\u00eds.<\/p>\n<p>Desde FESTRAM consideramos que esta decisi\u00f3n debe estar acompa\u00f1ada y sostenida, no s\u00f3lo por los organismos estatales pertinentes, sino tambi\u00e9n por el conjunto de las instituciones de la comunidad, pero especialmente, por los Intendentes y Presidentes Comunales que tienen un trato directo con la sociedad a la que representan.<\/p>\n<p>Los niveles de pobreza e indigencia dados a conocer en las \u00faltimas semanas, ameritan a que los Ejecutivos Locales se involucren directamente, pues la base de los grav\u00edsimos problemas de inseguridad que se manifiestan cotidianamente, est\u00e1 en el hambre, la desocupaci\u00f3n y la marginaci\u00f3n de ni\u00f1as, ni\u00f1os y adolescentes. Y por lo tanto es correr el eje del debate de fondo, andar pidiendo autonom\u00eda para abordar esta problem\u00e1tica en medio de esta situaci\u00f3n social y de la propia pandemia.<\/p>\n<p>La urgencia de los Municipios y de la misma Provincia debe ser controlar precios, mejorar salarios, solucionar la precarizaci\u00f3n laboral que todav\u00eda sostienen y no usando a la Polic\u00eda para disciplinar a los trabajadores y trabajadoras en lucha, o interfiriendo con fuerzas de seguridad en \u00e1mbitos sindicales \u2013como las Asambleas- que tienen expresamente vedado por ley.<\/p>\n<p>Miles y miles de santafesinos y santafesinas necesitan un Estado absolutamente comprometido con sus necesidades b\u00e1sicas. La convocatoria a un trabajo conjunto de Intendentes, Presidentes Comunales y Sindicatos Municipales ser\u00eda una respuesta superadora para enfrentar la realidad que estamos viviendo y ser m\u00e1s eficientes en la puesta en marcha del control de precios.<\/p>\n<h6>Fuente: El Litoral<\/h6>\n","protected":false},"excerpt":{"rendered":"<p>El Gobierno Nacional alcanz\u00f3 con todos los Gobernadores del pa\u00eds, un consenso para que las Provincias garanticen efectivamente el Control de Precios, tras el acuerdo pactado por noventa (d\u00edas) entre el Ejecutivo encabezado por Alberto Fern\u00e1ndez y un sinn\u00famero de empresas.<\/p>\n","protected":false},"author":2,"featured_media":120135,"comment_status":"closed","ping_status":"closed","sticky":false,"template":"","format":"standard","meta":{"footnotes":""},"categories":[2],"tags":[10],"class_list":["post-120134","post","type-post","status-publish","format-standard","has-post-thumbnail","hentry","category-informe-municipal","tag-santa-fe"],"_links":{"self":[{"href":"http:\/\/argentinamunicipal.com.ar\/argentina\/wp-json\/wp\/v2\/posts\/120134","targetHints":{"allow":["GET"]}}],"collection":[{"href":"http:\/\/argentinamunicipal.com.ar\/argentina\/wp-json\/wp\/v2\/posts"}],"about":[{"href":"http:\/\/argentinamunicipal.com.ar\/argentina\/wp-json\/wp\/v2\/types\/post"}],"author":[{"embeddable":true,"href":"http:\/\/argentinamunicipal.com.ar\/argentina\/wp-json\/wp\/v2\/users\/2"}],"replies":[{"embeddable":true,"href":"http:\/\/argentinamunicipal.com.ar\/argentina\/wp-json\/wp\/v2\/comments?post=120134"}],"version-history":[{"count":0,"href":"http:\/\/argentinamunicipal.com.ar\/argentina\/wp-json\/wp\/v2\/posts\/120134\/revisions"}],"wp:featuredmedia":[{"embeddable":true,"href":"http:\/\/argentinamunicipal.com.ar\/argentina\/wp-json\/wp\/v2\/media\/120135"}],"wp:attachment":[{"href":"http:\/\/argentinamunicipal.com.ar\/argentina\/wp-json\/wp\/v2\/media?parent=120134"}],"wp:term":[{"taxonomy":"category","embeddable":true,"href":"http:\/\/argentinamunicipal.com.ar\/argentina\/wp-json\/wp\/v2\/categories?post=120134"},{"taxonomy":"post_tag","embeddable":true,"href":"http:\/\/argentinamunicipal.com.ar\/argentina\/wp-json\/wp\/v2\/tags?post=120134"}],"curies":[{"name":"wp","href":"https:\/\/api.w.org\/{rel}","templated":true}]}}