{"id":120137,"date":"2021-11-02T05:15:28","date_gmt":"2021-11-02T08:15:28","guid":{"rendered":"http:\/\/argentinamunicipal.com.ar\/argentina\/?p=120137"},"modified":"2021-11-01T20:21:23","modified_gmt":"2021-11-01T23:21:23","slug":"ingreso-un-proyecto-para-la-creacion-de-la-policia-municipal-rosarina","status":"publish","type":"post","link":"http:\/\/argentinamunicipal.com.ar\/argentina\/ingreso-un-proyecto-para-la-creacion-de-la-policia-municipal-rosarina\/","title":{"rendered":"Ingres\u00f3 un proyecto para la creaci\u00f3n de la polic\u00eda municipal rosarina"},"content":{"rendered":"<p>Ingres\u00f3 al Palacio Vasallo un proyecto de ordenanza de la concejala Norma L\u00f3pez, acompa\u00f1ada por Eduardo Toniolli, que propone la creaci\u00f3n de una polic\u00eda rosarina, una Polic\u00eda Municipal nueva, con estructura, modalidad de ingreso, plan de estudios y escalaf\u00f3n propios, diferentes a los del nivel provincial.<\/p>\n<p>La misma iniciativa hab\u00eda sido\u00a0presentada\u00a0en el Concejo en 2014 pero no logr\u00f3 los consensos necesarios y perdi\u00f3 estado parlamentario. Ahora el proyecto fue presentado nuevamente con \u201ccasi los mismos fundamentos de aquel entonces\u201d, destac\u00f3 la concejala peronista.<\/p>\n<p>\u201cEn 2014, junto a Roberto Sukerman, presentamos el proyecto para la creaci\u00f3n de una Polic\u00eda Municipal en el Concejo Municipal. Nunca fuimos escuchados por el Frente Progresista C\u00edvico y Social. Creemos que, en el dise\u00f1o del abordaje de la seguridad comunitaria, la Gesti\u00f3n Municipal debe protagonizar la estrategia, sostener el di\u00e1logo con referentes barriales, instituciones y ganar la calle para la prevenci\u00f3n del delito\u201d, afirm\u00f3 la edila L\u00f3pez, quien busca renovar su banca en el Concejo Municipal en la lista del Frente de Todos, encabezada por Lisandro Cavatorta.<\/p>\n<p>L\u00f3pez insisti\u00f3 en recordar que durante los debates preelectorales \u201cen 2019 Javkin se\u00a0opuso\u00a0a la propuesta de crear una polic\u00eda local armada. Cambi\u00f3 su discurso, pero nosotros queremos aportar una herramienta a la gesti\u00f3n para atacar el delito\u201d, destac\u00f3.<\/p>\n<p>En ese sentido, la presidenta de bloque del Frente de Todos, asegur\u00f3 que \u201cuna profunda\u00a0reforma\u00a0de la polic\u00eda, la convocatoria a un consenso pol\u00edtico amplio y en una justicia de cercan\u00eda, que tenga a la ciudadan\u00eda como protagonista de estas acciones, ser\u00e1 clave para el futuro de Rosario\u201d.<\/p>\n<p>\u201cEst\u00e1 en juego la vida de rosarinos y rosarinas. Dejemos de lado disputas partidarias y\u00a0avancemos\u00a0en pol\u00edticas concretas de cuidados ciudadanos\u201d, afirm\u00f3 la vicepresidenta del Justicialismo santafesino.<\/p>\n<p>El proyecto de una Polic\u00eda Municipal de Rosario\u00a0quedar\u00e1 primero a\u00a0consideraci\u00f3n\u00a0de las comisiones de Control, Convivencia y Seguridad Ciudadana; Gobierno; y Presupuesto y Hacienda. \u201cAspiramos a que se discuta. Estamos abiertos a modificaciones, a perfeccionarlo, analizarlo, en un contexto complejo; estamos seguros de que brindamos una herramienta al intendente\u201d, asegur\u00f3 la concejala.<\/p>\n<h6>Fuente: Sin Mordaza<\/h6>\n","protected":false},"excerpt":{"rendered":"<p>Ingres\u00f3 al Palacio Vasallo un proyecto de ordenanza de la concejala Norma L\u00f3pez, acompa\u00f1ada por Eduardo Toniolli, que propone la creaci\u00f3n de una polic\u00eda rosarina, una Polic\u00eda Municipal nueva<\/p>\n","protected":false},"author":2,"featured_media":120138,"comment_status":"closed","ping_status":"closed","sticky":false,"template":"","format":"standard","meta":{"footnotes":""},"categories":[4],"tags":[10],"class_list":["post-120137","post","type-post","status-publish","format-standard","has-post-thumbnail","hentry","category-informe-politico","tag-santa-fe"],"_links":{"self":[{"href":"http:\/\/argentinamunicipal.com.ar\/argentina\/wp-json\/wp\/v2\/posts\/120137","targetHints":{"allow":["GET"]}}],"collection":[{"href":"http:\/\/argentinamunicipal.com.ar\/argentina\/wp-json\/wp\/v2\/posts"}],"about":[{"href":"http:\/\/argentinamunicipal.com.ar\/argentina\/wp-json\/wp\/v2\/types\/post"}],"author":[{"embeddable":true,"href":"http:\/\/argentinamunicipal.com.ar\/argentina\/wp-json\/wp\/v2\/users\/2"}],"replies":[{"embeddable":true,"href":"http:\/\/argentinamunicipal.com.ar\/argentina\/wp-json\/wp\/v2\/comments?post=120137"}],"version-history":[{"count":0,"href":"http:\/\/argentinamunicipal.com.ar\/argentina\/wp-json\/wp\/v2\/posts\/120137\/revisions"}],"wp:featuredmedia":[{"embeddable":true,"href":"http:\/\/argentinamunicipal.com.ar\/argentina\/wp-json\/wp\/v2\/media\/120138"}],"wp:attachment":[{"href":"http:\/\/argentinamunicipal.com.ar\/argentina\/wp-json\/wp\/v2\/media?parent=120137"}],"wp:term":[{"taxonomy":"category","embeddable":true,"href":"http:\/\/argentinamunicipal.com.ar\/argentina\/wp-json\/wp\/v2\/categories?post=120137"},{"taxonomy":"post_tag","embeddable":true,"href":"http:\/\/argentinamunicipal.com.ar\/argentina\/wp-json\/wp\/v2\/tags?post=120137"}],"curies":[{"name":"wp","href":"https:\/\/api.w.org\/{rel}","templated":true}]}}