{"id":120186,"date":"2021-11-03T05:15:53","date_gmt":"2021-11-03T08:15:53","guid":{"rendered":"http:\/\/argentinamunicipal.com.ar\/argentina\/?p=120186"},"modified":"2021-11-02T19:38:35","modified_gmt":"2021-11-02T22:38:35","slug":"todavia-faltan-mas-de-un-centenar-de-colectivos-en-las-calles-rosarinas-respecto-de-2019","status":"publish","type":"post","link":"http:\/\/argentinamunicipal.com.ar\/argentina\/todavia-faltan-mas-de-un-centenar-de-colectivos-en-las-calles-rosarinas-respecto-de-2019\/","title":{"rendered":"Todav\u00eda faltan m\u00e1s de un centenar de colectivos en las calles rosarinas respecto de 2019"},"content":{"rendered":"<p>El sistema de transporte permanece todav\u00eda debajo del nivel de 2019, cuando hab\u00eda 691 coches en circulaci\u00f3n.<\/p>\n<p>Las calles de Rosario sufren a\u00fan la ausencia de un centenar de coches que se vieron desafectados con la declaraci\u00f3n de la emergencia del transporte desde el inicio de la pandemia. El sistema de transporte permanece todav\u00eda debajo del nivel de 2019, cuando hab\u00eda 691 coches en circulaci\u00f3n.<\/p>\n<p>Si bien la Municipalidad puso en marcha este lunes un\u00a0refuerzo\u00a0de 40 unidades en el sistema de Transporte Urbano de Pasajeros (TUP), que ya lleg\u00f3 al 70 por ciento de la demanda prepandemia, desde el Observatorio Social del Transporte se\u00f1alaron que los colectivos en funcionamiento contin\u00faan siendo insuficientes.<\/p>\n<p>Entre las l\u00edneas inactivas y las que fueron fusionadas o directamente reprogramadas,\u00a0restan por circular unas 111 unidades\u00a0en comparaci\u00f3n a dos a\u00f1os atr\u00e1s. En este contexto, desde el municipio esgrimieron que a\u00fan falta un 30 por ciento de pasajeros para llegar a los niveles anteriores a la pandemia, pero que, la incorporaci\u00f3n de las nuevas unidades desde esta semana, sumadas a las que vendr\u00e1n, encaminar\u00e1n el repunte.<\/p>\n<p>Encuesta<br \/>\nUna encuesta realizada por la consultora Inmediata para el Observatorio Social del Transporte arroj\u00f3 que el 60 por ciento de los encuestados utiliz\u00f3 el colectivo al menos una vez durante el \u00faltimo mes. El relevamiento, realizado sobre 409 casos efectivos del 4 al 15 de octubre, muestra una evidente recuperaci\u00f3n desde la pandemia: en septiembre de 2020 hab\u00eda llegado a un 25 por ciento, y en marzo de 2021 se hab\u00eda relevado un 42 por ciento. Sin embargo, sigue por debajo de los valores registrados en marzo de 2017, un 65 por ciento, pero est\u00e1 por encima del 55 por ciento medido en 2019.<\/p>\n<p>A su vez, uno de cada diez encuestados consider\u00f3 que el sistema de transporte urbano mejor\u00f3 luego de las modificaciones introducidas a principios de a\u00f1o. En tanto, el 32,5 por ciento dijo que empeor\u00f3, y el 23 por ciento contest\u00f3 que el cambio no fue ni bueno ni malo seg\u00fan su perspectiva. El 33 por ciento dijo que no sabe o no pudo responder a la pregunta.<\/p>\n<p>Por otra parte, se pidi\u00f3 a los usuarios de colectivo que indiquen el nivel de satisfacci\u00f3n con distintos aspectos del servicio. El trato de los choferes es la categor\u00eda que genera mayores niveles de aprobaci\u00f3n, con un 88 por ciento. En tanto, el 50 por ciento de las personas consideraron que est\u00e1 satisfecho con los tiempos de espera en las paradas, misma proporci\u00f3n que se quej\u00f3 por las bajas frecuencias. En cuanto a la limpieza y desinfecci\u00f3n de los coches, el 53 por ciento se mostr\u00f3 conforme, y el 47 por ciento restante desaprob\u00f3 a los colectivos rosarinos en este rubro.<\/p>\n<h6>Fuente: Sin Mordaza<\/h6>\n","protected":false},"excerpt":{"rendered":"<p>El sistema de transporte permanece todav\u00eda debajo del nivel de 2019, cuando hab\u00eda 691 coches en circulaci\u00f3n.<\/p>\n","protected":false},"author":2,"featured_media":120187,"comment_status":"closed","ping_status":"closed","sticky":false,"template":"","format":"standard","meta":{"footnotes":""},"categories":[2],"tags":[10],"class_list":["post-120186","post","type-post","status-publish","format-standard","has-post-thumbnail","hentry","category-informe-municipal","tag-santa-fe"],"_links":{"self":[{"href":"http:\/\/argentinamunicipal.com.ar\/argentina\/wp-json\/wp\/v2\/posts\/120186","targetHints":{"allow":["GET"]}}],"collection":[{"href":"http:\/\/argentinamunicipal.com.ar\/argentina\/wp-json\/wp\/v2\/posts"}],"about":[{"href":"http:\/\/argentinamunicipal.com.ar\/argentina\/wp-json\/wp\/v2\/types\/post"}],"author":[{"embeddable":true,"href":"http:\/\/argentinamunicipal.com.ar\/argentina\/wp-json\/wp\/v2\/users\/2"}],"replies":[{"embeddable":true,"href":"http:\/\/argentinamunicipal.com.ar\/argentina\/wp-json\/wp\/v2\/comments?post=120186"}],"version-history":[{"count":0,"href":"http:\/\/argentinamunicipal.com.ar\/argentina\/wp-json\/wp\/v2\/posts\/120186\/revisions"}],"wp:featuredmedia":[{"embeddable":true,"href":"http:\/\/argentinamunicipal.com.ar\/argentina\/wp-json\/wp\/v2\/media\/120187"}],"wp:attachment":[{"href":"http:\/\/argentinamunicipal.com.ar\/argentina\/wp-json\/wp\/v2\/media?parent=120186"}],"wp:term":[{"taxonomy":"category","embeddable":true,"href":"http:\/\/argentinamunicipal.com.ar\/argentina\/wp-json\/wp\/v2\/categories?post=120186"},{"taxonomy":"post_tag","embeddable":true,"href":"http:\/\/argentinamunicipal.com.ar\/argentina\/wp-json\/wp\/v2\/tags?post=120186"}],"curies":[{"name":"wp","href":"https:\/\/api.w.org\/{rel}","templated":true}]}}