{"id":120189,"date":"2021-11-03T05:38:51","date_gmt":"2021-11-03T08:38:51","guid":{"rendered":"http:\/\/argentinamunicipal.com.ar\/argentina\/?p=120189"},"modified":"2021-11-02T19:40:15","modified_gmt":"2021-11-02T22:40:15","slug":"rosario-impulsan-que-las-mujeres-conduzcan-desde-ambulancias-hasta-camiones-recolectores-de-residuos","status":"publish","type":"post","link":"http:\/\/argentinamunicipal.com.ar\/argentina\/rosario-impulsan-que-las-mujeres-conduzcan-desde-ambulancias-hasta-camiones-recolectores-de-residuos\/","title":{"rendered":"Rosario: Impulsan que las mujeres conduzcan desde ambulancias hasta camiones recolectores de residuos"},"content":{"rendered":"<p>El proyecto se present\u00f3 en el Concejo, donde se denunci\u00f3 que no se cumplen las ordenanzas vigentes y que son muy pocas las que manejan colectivos y veh\u00edculos vinculados a servicios del municipio<\/p>\n<p>\u00abQueremos mujeres que manejen taxis y remises, pero que tambi\u00e9n conduzcan ambulancias, camiones recolectores de residuos y las camionetas de traslado del programa Mi Bici Tu Bici; y que la incorporaci\u00f3n no quede reducida solo al transporte urbano de pasajeros\u00bb, afirm\u00f3 la concejala justicialista Mar\u00eda Fernanda Gigliani en la presentaci\u00f3n formal del proyecto de ordenanza que busca crear un Programa Profesional de Mujeres Conductoras, sumando los servicios p\u00fablicos e incentivando a la actividad privada.<br \/>\nCon una platea de conductoras que reclaman un lugar al volante y datos duros que muestran las inequidades que a\u00fan existen en el acceso al mercado laboral pese las normativas vigentes, la edila acompa\u00f1\u00f3 las propuestas que las mujeres organizadas, tanto taxistas como colectiveras y aspirantes a la profesionalizaci\u00f3n, llevaron al Palacio Vasallo.<br \/>\nLa base de las iniciativas que se presentaron este martes es una serie de datos duros que la concejala del bloque Iniciativa Popular detall\u00f3 en el recinto de sesiones. Gigliani record\u00f3 que desde 2006 rige una ordenanza que establece la incorporaci\u00f3n de mujeres al sistema de transporte y que fue modificada en 2019 tras la presentaci\u00f3n de un amparo en la Justicia\u00a0que habilit\u00f3 el ingreso de conductoras con licencia profesional en las empresas de colectivos.<\/p>\n<p>As\u00ed y todo,\u00a0de los 1.632 choferes que hoy tiene el sistema, apenas diez son mujeres. \u00abY son datos actuales al 31 de agosto de este a\u00f1o\u00bb, aclar\u00f3 Gigliani y detall\u00f3 las disparidades que se dieron para la puesta en marcha del\u00a0programa de bicicletas p\u00fablicas, que pertenece a la empresa Movi, y donde en la planta de 31 empleados, apenas 4 son mujeres.<\/p>\n<p>Adem\u00e1s, se remarc\u00f3 que\u00a0del total de 151 personas entrevistadas para esos puestos de trabajo, apenas se evalu\u00f3 a 27 mujeres\u00a0y en el caso de las personas con carn\u00e9 profesional para conducir las camionetas, los que accedieron a un encuentro presencial fueron 82; todos varones.<\/p>\n<p>\u00abEso se dio as\u00ed a\u00fan cuando sabemos a trav\u00e9s de las mujeres que muchas con licencia profesional hab\u00edan presentado la solicitud, sin embargo, ni siquiera fueron entrevistadas\u00bb, agreg\u00f3.<\/p>\n<p>De ese modo, a septiembre de este a\u00f1o en el programa solo hay cuatro mujeres:\u00a0ninguna en la conducci\u00f3n, tampoco en el sector de gerencia y supervisi\u00f3n, solo una est\u00e1 en el sector administrativo, dos en mantenimiento y una cuarta haciendo actividades de monitoreo.<\/p>\n<p>El sistema de taxis<br \/>\nEn el servicio de taxis y remises, la concejala puntualiz\u00f3 las \u00abrotaciones de personal\u00bb que realizan las empresas de transporte para sortear la normativa vigente y as\u00ed no hacer ni altas ni bajas de personal y no cumplimentar con los cupos de acceso para las mujeres.<\/p>\n<p>Para Gigliani,\u00a0esas mismas dificultades en el acceso se reproducen en las licencias de taxis, a\u00fan cuando ellas tengan el dinero para acceder al veh\u00edculo. De hecho,\u00a0el 82 por ciento de las mujeres que aspiran a una \u00abchapa\u00bb cuentan con el capital necesario para adquirir un veh\u00edculo y, en esos casos, adem\u00e1s el 67 por ciento de ellas son sost\u00e9n de familia.<\/p>\n<p>En el caso de las que no cuentan con el capital, solo el 33 por ciento est\u00e1n a cargo del sostenimiento econ\u00f3mico de sus hogares.<\/p>\n<p>\u00abA eso se suma que en promedio las aspirantes a una licencia tienen m\u00e1s de 5 a\u00f1os de experiencia en el rubro taxi\u00bb, detall\u00f3 la concejala y se\u00f1al\u00f3 que muchas de las que hoy est\u00e1n al frente de un auto que presta ese servicio, en realidad aspiran a ingresar con su licencia profesional al transporte de pasajeros, pero ante la imposibilidad de oportunidades, se suben al taxi.<\/p>\n<p>Las propuestas<br \/>\nLas\u00a0iniciativas incluyen la modificaci\u00f3n de la ordenanza que rige sobre el transporte urbano: unificar el registro de aspirantes, que la inscripci\u00f3n sea digital y permanente y la creaci\u00f3n de un sistema de pasant\u00edas.<\/p>\n<p>Y el proyecto m\u00e1s potente busca crear un\u00a0Programa de Mujeres Conductoras Profesionales que permita \u00abampliar la mirada\u00bb\u00a0y est\u00e9 anclado en la Secretar\u00eda de G\u00e9nero y Derechos Humanos de la Municipalidad, de modo que\u00a0\u00abel Estado tenga en rol proactivo\u00bb\u00a0en propiciar su cumplimiento en articulaci\u00f3n con las \u00e1reas de movilidad, desarrollo econ\u00f3mico y empleo.<\/p>\n<p>\u00abSe trata de que las mujeres se sumen gradualmente a las empresas del Estado municipal, pero tambi\u00e9n a los privados, generando desde Empleo un puente e incentivos para incorporen mujeres a la conducci\u00f3n profesional\u00bb, detall\u00f3.<\/p>\n<p>Tambi\u00e9n se prev\u00e9 un sistema de pasant\u00edas y un programa espec\u00edfico para las mujeres que por primera vez tienen que acceder a su licencia profesional de conducir.<\/p>\n<p>Taxis y camiones de residuos<br \/>\nLas taxistas, agrupadas en\u00a0She Taxi\u00a0llevaron adem\u00e1s su proyecto de incorporaci\u00f3n de nuevas chapas de taxis para titulares mujeres y conducidas por mujeres. \u00abNo es cualquier licencia, sino que tienen esta especificidad\u00bb, indic\u00f3 Gigliani, que adem\u00e1s se propone que el debate sobre estos temas se lleve adelante antes de diciembre.<\/p>\n<p>\u00abEl intendente (Pablo Javkin) tienen que ingresar al Concejo en estas semanas el pliego de licitaci\u00f3n del\u00a0contrato de higiene urbana, que es el m\u00e1s caro que tiene Rosario\u00bb, anticip\u00f3 Gigliani y agreg\u00f3: \u00abNosotras queremos que para cuando eso venga, ese pliego tenga una cl\u00e1usula que plantee como obligatoria la incorporaci\u00f3n de mujeres en la conducci\u00f3n de los camiones y que tengan preferencia las empresas que se presenten y que posean al menos tres cuadrillas con camiones al mando de mujeres y adem\u00e1s, como m\u00ednimo, dos mujeres corredoras\u00bb.<\/p>\n<h6>Fuente: La Capital<\/h6>\n","protected":false},"excerpt":{"rendered":"<p>El proyecto se present\u00f3 en el Concejo, donde se denunci\u00f3 que no se cumplen las ordenanzas vigentes y que son muy pocas las que manejan colectivos y veh\u00edculos vinculados a servicios del municipio<\/p>\n","protected":false},"author":2,"featured_media":120190,"comment_status":"closed","ping_status":"closed","sticky":false,"template":"","format":"standard","meta":{"footnotes":""},"categories":[2],"tags":[10],"class_list":["post-120189","post","type-post","status-publish","format-standard","has-post-thumbnail","hentry","category-informe-municipal","tag-santa-fe"],"_links":{"self":[{"href":"http:\/\/argentinamunicipal.com.ar\/argentina\/wp-json\/wp\/v2\/posts\/120189","targetHints":{"allow":["GET"]}}],"collection":[{"href":"http:\/\/argentinamunicipal.com.ar\/argentina\/wp-json\/wp\/v2\/posts"}],"about":[{"href":"http:\/\/argentinamunicipal.com.ar\/argentina\/wp-json\/wp\/v2\/types\/post"}],"author":[{"embeddable":true,"href":"http:\/\/argentinamunicipal.com.ar\/argentina\/wp-json\/wp\/v2\/users\/2"}],"replies":[{"embeddable":true,"href":"http:\/\/argentinamunicipal.com.ar\/argentina\/wp-json\/wp\/v2\/comments?post=120189"}],"version-history":[{"count":0,"href":"http:\/\/argentinamunicipal.com.ar\/argentina\/wp-json\/wp\/v2\/posts\/120189\/revisions"}],"wp:featuredmedia":[{"embeddable":true,"href":"http:\/\/argentinamunicipal.com.ar\/argentina\/wp-json\/wp\/v2\/media\/120190"}],"wp:attachment":[{"href":"http:\/\/argentinamunicipal.com.ar\/argentina\/wp-json\/wp\/v2\/media?parent=120189"}],"wp:term":[{"taxonomy":"category","embeddable":true,"href":"http:\/\/argentinamunicipal.com.ar\/argentina\/wp-json\/wp\/v2\/categories?post=120189"},{"taxonomy":"post_tag","embeddable":true,"href":"http:\/\/argentinamunicipal.com.ar\/argentina\/wp-json\/wp\/v2\/tags?post=120189"}],"curies":[{"name":"wp","href":"https:\/\/api.w.org\/{rel}","templated":true}]}}