{"id":120237,"date":"2021-11-04T06:40:06","date_gmt":"2021-11-04T09:40:06","guid":{"rendered":"http:\/\/argentinamunicipal.com.ar\/argentina\/?p=120237"},"modified":"2021-11-04T06:40:06","modified_gmt":"2021-11-04T09:40:06","slug":"unicef-eligio-a-santa-fe-para-participar-de-un-programa-de-cooperacion","status":"publish","type":"post","link":"http:\/\/argentinamunicipal.com.ar\/argentina\/unicef-eligio-a-santa-fe-para-participar-de-un-programa-de-cooperacion\/","title":{"rendered":"Unicef eligi\u00f3 a Santa Fe para participar de un Programa de Cooperaci\u00f3n"},"content":{"rendered":"<p>El gobernador Omar Perotti recibi\u00f3 este mi\u00e9rcoles a Luisa Brumana, representante del organismo en nuestro pa\u00eds. Adem\u00e1s, seis ciudades (Rafaela, Reconquista, Tostado, Rosario, Santa Fe y Venado Tuerto) adhirieron Programa Municipio Unido por la Ni\u00f1ez y Adolescencia.<\/p>\n<p>El gobernador Omar Perotti recibi\u00f3 este mi\u00e9rcoles, en la capital santafesina, a la representante de UNICEF en Argentina, Luisa Brumana. En la oportunidad, el mandatario anunci\u00f3 que Santa Fe es una de las cinco provincias priorizadas (junto con Chaco, Salta, Jujuy y Buenos Aires) para incorporarse al Programa de Cooperaci\u00f3n con Argentina 2021-2025, para centrar sus acciones en la implementaci\u00f3n de las diferentes l\u00edneas.<\/p>\n<p>Esto implica la formulaci\u00f3n de un plan de trabajo conjunto para el per\u00edodo 2022-2023. Acceso a asistencia t\u00e9cnica, capacitaciones, intercambio y recursos para la implementaci\u00f3n de determinados programas volcados en cinco ejes de trabajo: la reducci\u00f3n de la pobreza y las desigualdades; el desarrollo integral de ni\u00f1as y ni\u00f1os de 0 a 6 a\u00f1os; las oportunidades equitativas para adolescentes; los entornos libres de violencia, protecci\u00f3n y justicia; y la sociedad comprometida con los derechos de los ni\u00f1os, ni\u00f1as y adolescentes.<\/p>\n<p>Estos ejes permitir\u00e1n a la provincia potenciar el programa Santa Fe+Conectada; acompa\u00f1ar el trabajo del gobierno en materia de acceso a derechos para las infancias en salud, justicia, educaci\u00f3n, g\u00e9nero, entornos libres de violencias, desarrollo deportivo y art\u00edstico, as\u00ed como el trabajo con las comunidades en las regiones m\u00e1s necesitadas.<\/p>\n<p>En la oportunidad, Perotti destac\u00f3 el \u201cdeseo de que UNICEF siga profundizando su presencia en la provincia\u201d, y \u201cpoder aprovechar al m\u00e1ximo los aciertos y tambi\u00e9n los errores de otros programas\u201d. En este sentido, se\u00f1al\u00f3 que \u201cir al territorio es un enfoque clave. Seguramente con las situaciones que podamos coordinar, tendremos insumos para mejorar el aprovechamiento de los recursos y los programas exitosos\u201d, se\u00f1al\u00f3 el gobernador.<\/p>\n<p>Y agreg\u00f3: \u201cLa satisfacci\u00f3n de la coordinaci\u00f3n de los equipos y el querer vincular r\u00e1pidamente las experiencias positivas de UNICEF en el mundo y, particularmente, en la Argentina con nuestro territorio para poder darle a nuestros ni\u00f1os, ni\u00f1as y adolescentes el mejor acompa\u00f1amiento en el futuro\u201d, dijo Perotti, para luego agradecerle a la representante de UNICEF en Argentina por la jornada de trabajo y el inicio de actividades en com\u00fan en los pr\u00f3ximos a\u00f1os.<\/p>\n<p>Por su parte, Luisa Brumana sostuvo que \u201clos ejes principales del Programa de Cooperaci\u00f3n con Argentina 2021-2025 responden a las necesidades de la ni\u00f1ez y adolescencia en Argentina, en el contexto presente\u201d, y destac\u00f3 \u201cdos caracter\u00edsticas: una es la intersectorialidad en la respuesta, al definir prioridades vemos que muchos de los desaf\u00edos tienen ra\u00edces interdisciplinares; y la segunda es la territorialidad\u201d.<\/p>\n<p>Por \u00faltimo, la representante de UNICEF en Argentina precis\u00f3 que \u201clas tem\u00e1ticas urgentes son la conectividad, y c\u00f3mo son los sistemas de protecci\u00f3n, creo que all\u00ed tenemos oportunidades inmediatas. Hablamos de una sociedad comprometida con la ni\u00f1ez y cuando hablo de sociedad, quiere decir de todos los actores, incluyendo los propios medios de comunicaci\u00f3n, el sector privado, la propia familia, para que realmente, trabajando juntos, los derechos del ni\u00f1o se puedan cumplir. Entonces, esos son los grandes \u00e1mbitos, las prioridades de nuestros programas de cooperaci\u00f3n que derivan de un an\u00e1lisis muy detallado de lo que est\u00e1 pasando con la ni\u00f1ez en el pa\u00eds\u201d, concluy\u00f3 Brumana.<\/p>\n<p>PROGRAMA MUNA<\/p>\n<p>Por la ma\u00f1ana, en el sal\u00f3n Blanco de Casa de Gobierno, las autoridades presentaron el Programa Municipio Unido por la Ni\u00f1ez y Adolescencia (MUNA), al cual adhirieron los municipios de Rafaela, Reconquista, Tostado, Rosario, Santa Fe y Venado Tuerto los que, a trav\u00e9s de esta iniciativa, acceder\u00e1n a un sistema de incentivos y una estrategia de trabajo para fortalecer la gesti\u00f3n de las pol\u00edticas dirigidas a infancias.<\/p>\n<p>El objetivo es fortalecer las capacidades de gesti\u00f3n, ofrecer asistencia t\u00e9cnica y acompa\u00f1amiento para que las administraciones p\u00fablicas locales realicen autodiagn\u00f3sticos, dise\u00f1en, implementen y monitoreen planes de acci\u00f3n integrales, participativos y con enfoque de derechos.<\/p>\n<p>En ese marco, Perotti afirm\u00f3 que vamos a \u201ccorresponder con nuestro acompa\u00f1amiento a cada una de las iniciativas, que se podr\u00e1n potenciar y realizar con los actores locales. Creemos profundamente en la descentralizaci\u00f3n, en el trabajo coordinado con los municipios, en el desarrollo territorial y la formaci\u00f3n de recursos humanos aprovechando la cercan\u00eda. Estamos deseosos de poder aprovechar este programa plenamente\u201d, sostuvo el gobernador.<\/p>\n<p>Al respecto, Brumana reconoci\u00f3 que \u201cpara nosotros es un hito llegar a las provincias\u201d, y explic\u00f3 que \u201cMUNA es un programa a trav\u00e9s del cual otorgamos reconocimientos a los municipios que llevan a cabo acciones destinadas a la ni\u00f1ez a trav\u00e9s de un proceso que nos parece fundamental, que empieza por un diagn\u00f3stico de las prioridades o de los desaf\u00edos prioritarios para la ni\u00f1ez y adolescencia. Y, a partir de ah\u00ed, una planificaci\u00f3n estrat\u00e9gica para poder mejorar los \u00e1mbitos m\u00e1s problem\u00e1ticos para este grupo\u201d, dijo la representante de UNICEF en Argentina.<\/p>\n<p>Finalmente, Brumana explic\u00f3 que \u201cesta es una primera instancia, una prueba piloto con un n\u00famero acotado de municipios\u201d, pero que en el futuro podr\u00e1 extenderse a las localidades interesadas que \u201cmanifiesten su compromiso pol\u00edtico a trav\u00e9s de la firma de un convenio, y desde UNICEF la intenci\u00f3n es apoyar con herramientas y capacitaciones para llevar a cabo todo el proceso\u201d.<\/p>\n<p>Mientras, el ministro de Gesti\u00f3n P\u00fablica, Marcos Corach, dijo que \u201ctenemos que trabajar fuertemente en el compromiso con los ni\u00f1os, ni\u00f1as y adolescentes. Esta iniciativa Muna renueva el proyecto del gobierno de la provincia para concretar un importante proyecto. Queremos que las ciudades crezcan, que se desarrollen y que tengan condiciones para que cada uno de los habitantes puedan quedarse y generar arraigo\u201d, subray\u00f3, e indic\u00f3 que \u201cqueremos generar infraestructura y servicios en cada uno de los municipios\u201d.<\/p>\n<p>A su turno, la ministra de Educaci\u00f3n, Adriana Cantero, se\u00f1al\u00f3 que \u201ces un placer que nos podamos encontrar, compartir preocupaciones y ocupaciones en torno de las infancias y adolescencias, y renovar el compromiso por su bienestar con la posibilidad de desplegar pol\u00edticas p\u00fablicas que garanticen derechos de cuidado y protecci\u00f3n para su crecimiento\u201d.<\/p>\n<p>Por \u00faltimo, la ministra de Igualdad, G\u00e9nero y Diversidad, Celia Arena, destac\u00f3 que trabajar \u201ccon perspectiva de g\u00e9nero y diversidad incluye la perspectiva de las infancias porque es un trabajo que tiene que ir absolutamente a la par. Hay una cuesti\u00f3n que es esencial, que es trabajar mancomunadamente en una forma multinivel y multiorganizacional de manera territorial\u201d.<\/p>\n<p>PRESENTES<\/p>\n<p>De las actividades participaron tambi\u00e9n la ministra de Salud, Sonia Martorano; el ministro de Desarrollo Social, Danilo Capitani; las secretarias de Ni\u00f1ez, Adolescencia y Familia, Patricia Chialvo; de Cooperaci\u00f3n Internacional e Integraci\u00f3n Regional, Julieta De San F\u00e9lix; y de Justicia, Gabriel Somaglia; los intendentes de Santa Fe, Emilio Jat\u00f3n; de Rafaela, Luis Castellano; de Rosario, Pablo Javkin; de Reconquista, Enrique Vallejos; de Tostado, Enrique Mualem; representantes de la municipalidad de Venado Tuerto; y la defensora de Ni\u00f1as, Ni\u00f1os y Adolescentes de la provincia, Anal\u00eda Colombo.<\/p>\n<p>En tanto, por UNICEF estuvieron el especialista en Inclusi\u00f3n Social y Monitoreo, Sebasti\u00e1n Waisgrais; la especialista en Educaci\u00f3n, Cora Steinberg; la oficial de Protecci\u00f3n, Sabrina Viola; la oficial de Pol\u00edticas Sociales, Mar\u00eda Fernanda Paredes; y el asociado en Comunicaci\u00f3n, Mat\u00edas Bohoslavsky.<\/p>\n<h6>Fuente: El Litoral<\/h6>\n","protected":false},"excerpt":{"rendered":"<p>Seis ciudades (Rafaela, Reconquista, Tostado, Rosario, Santa Fe y Venado Tuerto) adhirieron Programa Municipio Unido por la Ni\u00f1ez y Adolescencia.<\/p>\n","protected":false},"author":2,"featured_media":120238,"comment_status":"closed","ping_status":"closed","sticky":false,"template":"","format":"standard","meta":{"footnotes":""},"categories":[2],"tags":[10],"class_list":["post-120237","post","type-post","status-publish","format-standard","has-post-thumbnail","hentry","category-informe-municipal","tag-santa-fe"],"_links":{"self":[{"href":"http:\/\/argentinamunicipal.com.ar\/argentina\/wp-json\/wp\/v2\/posts\/120237","targetHints":{"allow":["GET"]}}],"collection":[{"href":"http:\/\/argentinamunicipal.com.ar\/argentina\/wp-json\/wp\/v2\/posts"}],"about":[{"href":"http:\/\/argentinamunicipal.com.ar\/argentina\/wp-json\/wp\/v2\/types\/post"}],"author":[{"embeddable":true,"href":"http:\/\/argentinamunicipal.com.ar\/argentina\/wp-json\/wp\/v2\/users\/2"}],"replies":[{"embeddable":true,"href":"http:\/\/argentinamunicipal.com.ar\/argentina\/wp-json\/wp\/v2\/comments?post=120237"}],"version-history":[{"count":0,"href":"http:\/\/argentinamunicipal.com.ar\/argentina\/wp-json\/wp\/v2\/posts\/120237\/revisions"}],"wp:featuredmedia":[{"embeddable":true,"href":"http:\/\/argentinamunicipal.com.ar\/argentina\/wp-json\/wp\/v2\/media\/120238"}],"wp:attachment":[{"href":"http:\/\/argentinamunicipal.com.ar\/argentina\/wp-json\/wp\/v2\/media?parent=120237"}],"wp:term":[{"taxonomy":"category","embeddable":true,"href":"http:\/\/argentinamunicipal.com.ar\/argentina\/wp-json\/wp\/v2\/categories?post=120237"},{"taxonomy":"post_tag","embeddable":true,"href":"http:\/\/argentinamunicipal.com.ar\/argentina\/wp-json\/wp\/v2\/tags?post=120237"}],"curies":[{"name":"wp","href":"https:\/\/api.w.org\/{rel}","templated":true}]}}