{"id":120264,"date":"2021-11-05T05:00:18","date_gmt":"2021-11-05T08:00:18","guid":{"rendered":"http:\/\/argentinamunicipal.com.ar\/argentina\/?p=120264"},"modified":"2021-11-04T19:41:50","modified_gmt":"2021-11-04T22:41:50","slug":"reclaman-fondos-especiales-al-municipio-rosarino-para-actualizar-el-bono-de-380-que-cobran-profesionales-de-la-salud","status":"publish","type":"post","link":"http:\/\/argentinamunicipal.com.ar\/argentina\/reclaman-fondos-especiales-al-municipio-rosarino-para-actualizar-el-bono-de-380-que-cobran-profesionales-de-la-salud\/","title":{"rendered":"Reclaman fondos especiales al municipio rosarino para actualizar el bono de $380 que cobran profesionales de la salud"},"content":{"rendered":"<p>El Sindicato de Trabajadores Municipales hizo un planteo formal ante la Secretar\u00eda de Salud. Esperan una respuesta la semana pr\u00f3xima<\/p>\n<p>Ante el reclamo de los profesionales de la\u00a0salud\u00a0de los efectores p\u00fablicos de Rosario para que se actualice una cifra de 380 pesos por\u00a0Asignaci\u00f3n Especial No Remunerativa por Funci\u00f3n en Especialidades, congelada desde 2006, el\u00a0Sindicato\u00a0de\u00a0Trabajadores\u00a0Municipales de Rosario reclam\u00f3 a la Secretar\u00eda de Salud actualizar a trav\u00e9s de fondos especiales.<\/p>\n<p>Seg\u00fan public\u00f3 este diario ayer,\u00a0Rosario tiene unos 300 trabajadores de la salud municipal en las llamadas \u00e1reas cr\u00edticas, entre terapistas, neonat\u00f3logos y cardi\u00f3logos que conforman esa \u201cprimera l\u00ednea\u201d de contenci\u00f3n de pacientes,\u00a0pero que desde 2006 cobran un adicional que no se mueve de los 380 pesos, ya que es no bonificable.<br \/>\nDigitalizaron toda la red de salud p\u00fablica para conectar los efectores<br \/>\nEl municipio intensifica la puesta a punto de efectores de salud<br \/>\n15 a\u00f1os de atraso<br \/>\nCuando se implement\u00f3 esa cifra\u00a0representaba entre el 25 y 30 por ciento del salario, pero hoy no alcanza un d\u00edgito: 0,5 por ciento.\u00a0El reclamo de actualizaci\u00f3n y pase al b\u00e1sico de ese \u00edtem tiene m\u00e1s de una d\u00e9cada sin respuesta; pandemia mediante, siguieron trabajando con guardias de 24 horas, vieron suspendidas sus vacaciones, tuvieron que reacondicionar servicios y siguen sin tener respuesta.<\/p>\n<p>Varios testimonios de trabajadores plasmados en una nota de La Capital dieron cuenta de fenomenal atraso que afecta a unos 300 profesionales de la salud. Desde el Sindicato de trabajadores municipales indicaron que est\u00e1 vigente el reclamo sobre esa irregular situaci\u00f3n.<\/p>\n<p>\u201cEl planteo de los profesionales est\u00e1 plenamente justificado porque no se actualiza desde 2006.\u00a0Adem\u00e1s, con todo el trabajo que se ha hecho en pandemia en \u00e1reas cr\u00edticas y terapias, en las guardias de los Hospitales Clemente Alvarez, Roque S\u00e1enz Pe\u00f1a, de Ni\u00f1os\u201d,\u00a0explic\u00f3 Antonio Ratner, secretario general del Sindicato de Trabajadores Municipales.<\/p>\n<p>En ese sentido el dirigente record\u00f3 que se est\u00e1n\u00a0\u201chaciendo reclamos ante la Secretar\u00eda de Salud. El martes nos reunimos con el secretario, Leonardo Caruana,\u00a0y la subsecretaria, Silvia Marmiroli. Sobre esos montos que no se actualizan les dijimos que ellos deber\u00edan disponer de fondos especiales para atender la movilidad, y de un presupuesto central que tenga en cuenta\u00a0la realidad de 1.700 trabajadores de la salud\u201d.<\/p>\n<p>El dirigente entiende que esa herramienta permitir\u00eda\u00a0mantener el prestigio que se gan\u00f3 la salud p\u00fablica de Rosario,\u00a0\u201creconocida como las mejores de Sudam\u00e9rica.\u00a0Las autoridades deben manejar un presupuesto amplio; la salud tiene su relevancia, y se jerarquiza atendiendo las necesidades\u00a0de todos los que componen los eslabones de sistema, desde m\u00e9dicos, enfermeros, administrativos, operarios, camilleros, mucamos, bioqu\u00edmicos, con funciones importantes que no podemos descuidar\u201d.<\/p>\n<p>Respuesta concreta<br \/>\nSeg\u00fan adelant\u00f3 Ratner, quedo pautada otra reuni\u00f3n con Caruana y Marmiroli entre mi\u00e9rcoles y jueves de la semana\u00a0que viene para seguir tratando el tema. Pero remarc\u00f3 que en esa instancia el sindicato ir\u00e1\u00a0en busca de \u201cuna respuesta concreta.\u00a0De lo contrario se tomar\u00e1 una decisi\u00f3n para mantener el reclamo\u201d.<\/p>\n<h6>Fuente: La Capital<\/h6>\n","protected":false},"excerpt":{"rendered":"<p>El Sindicato de Trabajadores Municipales hizo un planteo formal ante la Secretar\u00eda de Salud. Esperan una respuesta la semana pr\u00f3xima<\/p>\n","protected":false},"author":2,"featured_media":120265,"comment_status":"closed","ping_status":"closed","sticky":false,"template":"","format":"standard","meta":{"footnotes":""},"categories":[7],"tags":[10],"class_list":["post-120264","post","type-post","status-publish","format-standard","has-post-thumbnail","hentry","category-informe-sindical","tag-santa-fe"],"_links":{"self":[{"href":"http:\/\/argentinamunicipal.com.ar\/argentina\/wp-json\/wp\/v2\/posts\/120264","targetHints":{"allow":["GET"]}}],"collection":[{"href":"http:\/\/argentinamunicipal.com.ar\/argentina\/wp-json\/wp\/v2\/posts"}],"about":[{"href":"http:\/\/argentinamunicipal.com.ar\/argentina\/wp-json\/wp\/v2\/types\/post"}],"author":[{"embeddable":true,"href":"http:\/\/argentinamunicipal.com.ar\/argentina\/wp-json\/wp\/v2\/users\/2"}],"replies":[{"embeddable":true,"href":"http:\/\/argentinamunicipal.com.ar\/argentina\/wp-json\/wp\/v2\/comments?post=120264"}],"version-history":[{"count":0,"href":"http:\/\/argentinamunicipal.com.ar\/argentina\/wp-json\/wp\/v2\/posts\/120264\/revisions"}],"wp:featuredmedia":[{"embeddable":true,"href":"http:\/\/argentinamunicipal.com.ar\/argentina\/wp-json\/wp\/v2\/media\/120265"}],"wp:attachment":[{"href":"http:\/\/argentinamunicipal.com.ar\/argentina\/wp-json\/wp\/v2\/media?parent=120264"}],"wp:term":[{"taxonomy":"category","embeddable":true,"href":"http:\/\/argentinamunicipal.com.ar\/argentina\/wp-json\/wp\/v2\/categories?post=120264"},{"taxonomy":"post_tag","embeddable":true,"href":"http:\/\/argentinamunicipal.com.ar\/argentina\/wp-json\/wp\/v2\/tags?post=120264"}],"curies":[{"name":"wp","href":"https:\/\/api.w.org\/{rel}","templated":true}]}}