{"id":120294,"date":"2021-11-08T05:33:31","date_gmt":"2021-11-08T08:33:31","guid":{"rendered":"http:\/\/argentinamunicipal.com.ar\/argentina\/?p=120294"},"modified":"2021-11-07T18:39:46","modified_gmt":"2021-11-07T21:39:46","slug":"feliz-dia-a-los-trabajadores-municipales","status":"publish","type":"post","link":"http:\/\/argentinamunicipal.com.ar\/argentina\/feliz-dia-a-los-trabajadores-municipales\/","title":{"rendered":"\u00a1Feliz d\u00eda a los trabajadores municipales!"},"content":{"rendered":"<p>Hoy se celebra el D\u00eda del Empleado Municipal con motivo de la conmemoraci\u00f3n a la creaci\u00f3n de la Confederaci\u00f3n de Obreros y Empleados Municipales de Argentina.<\/p>\n<p>El 8 de\u00a0noviembre\u00a0de 1959 se constitu\u00eda la Confederaci\u00f3n de Obreros y Empleados Municipales de la Rep\u00fablica Argentina, COEMA, organizaci\u00f3n sindical que agrupa a todas las Federaciones de Trabajadores Municipales de las Provincias Argentinas, por tal motivo se festeja el D\u00eda del Trabajador Municipal Argentino. La\u00a0COEMA naci\u00f3 en el seno de la revoluci\u00f3n sindical durante la presidencia de\u00a0Arturo Frondizi\u00a0y con las\u00a062 organizaciones como base, teniendo como fin organizar y unificar a todas las federaciones, sindicatos y uniones municipales de la Argentina.<\/p>\n","protected":false},"excerpt":{"rendered":"<p>Hoy se celebra el D\u00eda del Empleado Municipal con motivo de la conmemoraci\u00f3n a la creaci\u00f3n de la Confederaci\u00f3n de Obreros y Empleados Municipales de Argentina.<\/p>\n","protected":false},"author":2,"featured_media":120295,"comment_status":"closed","ping_status":"closed","sticky":false,"template":"","format":"standard","meta":{"footnotes":""},"categories":[8],"tags":[21],"class_list":["post-120294","post","type-post","status-publish","format-standard","has-post-thumbnail","hentry","category-informe-nacional","tag-argentina"],"_links":{"self":[{"href":"http:\/\/argentinamunicipal.com.ar\/argentina\/wp-json\/wp\/v2\/posts\/120294","targetHints":{"allow":["GET"]}}],"collection":[{"href":"http:\/\/argentinamunicipal.com.ar\/argentina\/wp-json\/wp\/v2\/posts"}],"about":[{"href":"http:\/\/argentinamunicipal.com.ar\/argentina\/wp-json\/wp\/v2\/types\/post"}],"author":[{"embeddable":true,"href":"http:\/\/argentinamunicipal.com.ar\/argentina\/wp-json\/wp\/v2\/users\/2"}],"replies":[{"embeddable":true,"href":"http:\/\/argentinamunicipal.com.ar\/argentina\/wp-json\/wp\/v2\/comments?post=120294"}],"version-history":[{"count":0,"href":"http:\/\/argentinamunicipal.com.ar\/argentina\/wp-json\/wp\/v2\/posts\/120294\/revisions"}],"wp:featuredmedia":[{"embeddable":true,"href":"http:\/\/argentinamunicipal.com.ar\/argentina\/wp-json\/wp\/v2\/media\/120295"}],"wp:attachment":[{"href":"http:\/\/argentinamunicipal.com.ar\/argentina\/wp-json\/wp\/v2\/media?parent=120294"}],"wp:term":[{"taxonomy":"category","embeddable":true,"href":"http:\/\/argentinamunicipal.com.ar\/argentina\/wp-json\/wp\/v2\/categories?post=120294"},{"taxonomy":"post_tag","embeddable":true,"href":"http:\/\/argentinamunicipal.com.ar\/argentina\/wp-json\/wp\/v2\/tags?post=120294"}],"curies":[{"name":"wp","href":"https:\/\/api.w.org\/{rel}","templated":true}]}}