{"id":120307,"date":"2021-11-08T06:22:36","date_gmt":"2021-11-08T09:22:36","guid":{"rendered":"http:\/\/argentinamunicipal.com.ar\/argentina\/?p=120307"},"modified":"2021-11-08T06:22:36","modified_gmt":"2021-11-08T09:22:36","slug":"la-ley-de-humedales-perdera-estado-parlamentario-a-fin-de-mes","status":"publish","type":"post","link":"http:\/\/argentinamunicipal.com.ar\/argentina\/la-ley-de-humedales-perdera-estado-parlamentario-a-fin-de-mes\/","title":{"rendered":"La ley de humedales perder\u00e1 estado parlamentario a fin de mes"},"content":{"rendered":"<p>La socialmente reclamada ley de humedales que hab\u00eda sido aprobada ya en la Comisi\u00f3n de Ambiente de la C\u00e1mara de Diputados de la Naci\u00f3n perder\u00e1 estado parlamentario el 30 de noviembre, a pesar de la conciencia social y la numerosa serie de movilizaciones que se realizaron a lo largo de estos dos a\u00f1os de ecocidio en el Delta del Paran\u00e1.<\/p>\n<p>Cesar Massi es naturalista y activista de la Red Nacional de Humedales y de Los Bajos Submeridionales no se tocan, y sigui\u00f3 de cerca el proceso de esta ley, y consultado por Mirador Provincial relat\u00f3 sobre la situaci\u00f3n de esta ley que llev\u00f3 tanto esfuerzo y se caer\u00e1 indefectiblemente: \u201cEl proyecto logr\u00f3 ser aprobado en la Comisi\u00f3n de Ambiente, pero en la de Agricultura fue cajoneada y no la trataron m\u00e1s. Deber\u00eda de ah\u00ed pasar a Intereses Fluviales y Mar\u00edtimos, y de ah\u00ed a Comisi\u00f3n de Presupuesto. As\u00ed que tiene tres giros m\u00e1s todav\u00eda, algo que no suceder\u00e1 en pleno mes electoral. El proyecto se cae sin ser discutido en esas comisiones. No fue un rechazo, sino un cajoneo\u201d.<\/p>\n<p>Lo que los activistas por la ley de humedales buscaban este a\u00f1o era \u201cque se hiciera un plenario de las tres comisiones y que despu\u00e9s se eleve al recinto\u201d, y al pasar por cada comisi\u00f3n no avanz\u00f3 a tiempo antes de perder el estado parlamentario. Cabe recordar que la comisi\u00f3n en la que deb\u00eda ser tratada cuenta con cinco diputados oriundos de Santa Fe: Luis Contigiani, Marcos Cleri, Gisela Scaglia, Esteban Vogdanich y Lucila Lehmann.<\/p>\n<p>\u201cLa ley empez\u00f3 a tratarse en junio o julio del a\u00f1o pasado, hab\u00eda unos 12 proyectos en Diputados y la mayor\u00eda se fusionaron bajo el proyecto del diputado Leonardo Grosso, y se termin\u00f3 aprobando en Ambiente tras mucho debate en la \u00faltima semana del a\u00f1o pasado. Se cae el 30 de noviembre, y no creemos que hoy se vaya a reunir la Comisi\u00f3n de Agricultura\u201d, precis\u00f3 Massi.<\/p>\n<p>Durante la pandemia, el activista apreci\u00f3 que \u201cfue muy poco lo que se abord\u00f3 en la legislatura sobre esta ley, y este a\u00f1o con el proceso electoral la poca actividad parlamentaria no ayuda. Aun con todas las movidas sociales que hubo y las reuniones con los legisladores, falta la voluntad pol\u00edtica\u201d, analiz\u00f3.<\/p>\n<p><strong>Los esperados faros y despu\u00e9s<\/strong><br \/>\nEn torno a los faros de contenci\u00f3n, Massi puntualiz\u00f3 que \u201cse activaron en octubre pasado despu\u00e9s de 21 meses de quemas continuadas, y el asunto es que los faros detectan los focos, pero despu\u00e9s las brigadas tardan tres o cuatro d\u00edas en ir a apagar el fuego, entonces no es una respuesta r\u00e1pida la que conducen\u201d.<\/p>\n<p>Para Massi \u201chay una ausencia de infraestructura en las islas, la poca polic\u00eda de Victoria va a caballo, pero es una ausencia en el territorio, y esto coincidi\u00f3 con la bajante del r\u00edo que hizo que puedan acceder y sin embargo hacen la vista gorda. A eso se suma que tienen escasos recursos o nulos para salir con lancha. Y durante la pandemia ocurri\u00f3 que siguieron quemando mientras los rosarinos que siempre \u00edbamos est\u00e1bamos encerrados sin poder hacer nada desde ac\u00e1\u201d.<\/p>\n<p>Fuera de las quemas, el tema de los humedales, \u201caunque sean la reserva de nuestra agua argentina, no es un tema que a la sociedad le preocupe demasiado\u201d, asegur\u00f3. Aunque \u201ccon las quemas ahora hay m\u00e1s conciencia, pero a\u00fan no es un tema masivo como para que haya manifestaciones y genere presi\u00f3n en la agenda p\u00fablica\u201d, afirm\u00f3.<\/p>\n<p><strong>Un proyecto en el Senado que preocupa<\/strong><br \/>\nSi bien los ambientalistas tienen en claro que el proyecto de ley pierde estado parlamentario, \u201cel a\u00f1o que viene se piensa retomar una fuerte movida de reclamo desde febrero para reinstalarlo en la C\u00e1mara de Diputados\u201d. Pero adem\u00e1s del plan de reactivar la ley de humedales, Massi asegur\u00f3: \u201cLo que nos preocupa es que hay otro proceso de ley en el Senado con varios proyectos que son muy favorables a los lobbies, que si avanzan, m\u00e1s que solucionar perjudicar\u00edan la situaci\u00f3n porque el foco est\u00e1 puesto en la producci\u00f3n. Ya hay leyes ambientales bastante rigurosas, el tema es que no se cumplen, y de darse una ley con ese perfil puede darle rienda suelta a los productores que realizan las quemas\u201d.<\/p>\n<p>Si bien los ambientalistas han dialogado sobre este tema con los legisladores, Massi asegur\u00f3: \u201cEstamos preocupados que llegue a avanzar el a\u00f1o que viene alguno de estos proyectos que no sirven para nada en su mayor\u00eda. Est\u00e1n bastante lejos del proyecto en Diputados, que es muy certero porque unifica a los 11 o 12 propuestas diferentes que hab\u00eda, y que ten\u00eda muchos aportes desde la comunidad cient\u00edfica, desde el Estado, las organizaciones, y es el que sostenemos que debe avanzar\u201d.<\/p>\n<p>Confirm\u00f3 que hay temor a que ese proceso en el Senado, que ya comenz\u00f3 su lobby, avance, \u201csobre todo con el proyecto del senador Mayans, que pensamos que abre la puerta para que gran parte de los humedales sea sacrificado y se conserve solo una parte peque\u00f1a\u201d.<\/p>\n<p>Para el activista \u201cla pandemia impidi\u00f3 que mucha gente se sume y se hagan a\u00fan m\u00e1s movilizaciones en la calle, pero aun as\u00ed estamos conformes con las redes que se formaron. Antes \u00e9ramos muy poquitos los que reclam\u00e1bamos, y estamos felices que el tema humedales haya quedado circunscripto a varias ONG que ahora identifique a tanta gente y la conciencia haya cambiado. Quiz\u00e1s no es tan r\u00e1pido el proceso, pero mejora la situaci\u00f3n el hecho de que se entienda que los humedales sean tan importantes como los bosques, ambos actores claves del ecosistema\u201d.<\/p>\n<h6>Fuente: El Litoral<\/h6>\n","protected":false},"excerpt":{"rendered":"<p>La socialmente reclamada ley de humedales que hab\u00eda sido aprobada ya en la Comisi\u00f3n de Ambiente de la C\u00e1mara de Diputados de la Naci\u00f3n perder\u00e1 estado parlamentario el 30 de noviembre, a pesar de la conciencia social y la numerosa serie de movilizaciones<\/p>\n","protected":false},"author":2,"featured_media":120308,"comment_status":"closed","ping_status":"closed","sticky":false,"template":"","format":"standard","meta":{"footnotes":""},"categories":[2],"tags":[10],"class_list":["post-120307","post","type-post","status-publish","format-standard","has-post-thumbnail","hentry","category-informe-municipal","tag-santa-fe"],"_links":{"self":[{"href":"http:\/\/argentinamunicipal.com.ar\/argentina\/wp-json\/wp\/v2\/posts\/120307","targetHints":{"allow":["GET"]}}],"collection":[{"href":"http:\/\/argentinamunicipal.com.ar\/argentina\/wp-json\/wp\/v2\/posts"}],"about":[{"href":"http:\/\/argentinamunicipal.com.ar\/argentina\/wp-json\/wp\/v2\/types\/post"}],"author":[{"embeddable":true,"href":"http:\/\/argentinamunicipal.com.ar\/argentina\/wp-json\/wp\/v2\/users\/2"}],"replies":[{"embeddable":true,"href":"http:\/\/argentinamunicipal.com.ar\/argentina\/wp-json\/wp\/v2\/comments?post=120307"}],"version-history":[{"count":0,"href":"http:\/\/argentinamunicipal.com.ar\/argentina\/wp-json\/wp\/v2\/posts\/120307\/revisions"}],"wp:featuredmedia":[{"embeddable":true,"href":"http:\/\/argentinamunicipal.com.ar\/argentina\/wp-json\/wp\/v2\/media\/120308"}],"wp:attachment":[{"href":"http:\/\/argentinamunicipal.com.ar\/argentina\/wp-json\/wp\/v2\/media?parent=120307"}],"wp:term":[{"taxonomy":"category","embeddable":true,"href":"http:\/\/argentinamunicipal.com.ar\/argentina\/wp-json\/wp\/v2\/categories?post=120307"},{"taxonomy":"post_tag","embeddable":true,"href":"http:\/\/argentinamunicipal.com.ar\/argentina\/wp-json\/wp\/v2\/tags?post=120307"}],"curies":[{"name":"wp","href":"https:\/\/api.w.org\/{rel}","templated":true}]}}