{"id":120325,"date":"2021-11-08T06:44:15","date_gmt":"2021-11-08T09:44:15","guid":{"rendered":"http:\/\/argentinamunicipal.com.ar\/argentina\/?p=120325"},"modified":"2021-11-08T06:44:15","modified_gmt":"2021-11-08T09:44:15","slug":"hace-cinco-anos-que-santa-fe-no-recaba-datos-de-emision-de-gases-de-efecto-invernadero","status":"publish","type":"post","link":"http:\/\/argentinamunicipal.com.ar\/argentina\/hace-cinco-anos-que-santa-fe-no-recaba-datos-de-emision-de-gases-de-efecto-invernadero\/","title":{"rendered":"Hace cinco a\u00f1os que Santa Fe no recaba datos de emisi\u00f3n de gases de efecto invernadero"},"content":{"rendered":"<p>El especialista Rub\u00e9n Piacentini indic\u00f3 que faltan estructuras que permitan recabar datos precisos. Seg\u00fan el \u00faltimo informe, la ciudad emite 4,7 millones de toneladas de gases contaminantes por a\u00f1o.<\/p>\n<p>Luego del inventario de emisi\u00f3n de gases de efecto invernadero en Santa Fe realizado en 2016 por el Laboratorio de Eficiencia Energ\u00e9tica, Sustentabilidad y Cambio Clim\u00e1tico de la Facultad de Ciencias Exactas de la Universidad Nacional de Rosario (UNR), los profesionales a cargo del proyecto no han vuelto a ser convocados para actualizar los datos. Las \u00faltimas mediciones indicaban que un santafesino emite 7 toneladas de gases de efecto invernadero por a\u00f1o.<br \/>\nEl gobierno provincial dio a conocer los resultados del estudio durante 2019, donde se arroj\u00f3 que\u00a0en la bota santafesina se emiten 23,4 millones de toneladas de gases de efecto invernadero por a\u00f1o, de los cuales 4,7 corresponden a la ciudad de Santa Fe.<\/p>\n<p>En cuanto a la medici\u00f3n per c\u00e1pita, se pudo plasmar que cada santafesino emite 7 toneladas de gases contaminantes a la atm\u00f3sfera cada a\u00f1o, 1,6 toneladas por debajo de la media nacional.<br \/>\nUNO Santa Fe dialog\u00f3 con el Dr. Rub\u00e9n Piacentini, quien es cient\u00edfico investigador del Conicet, director del \u00e1rea de F\u00edsica de la Atm\u00f3sfera, Radiaci\u00f3n Solar y Astropart\u00edculas del Instituto de F\u00edsica de Rosario (Ifir) y director del Laboratorio a cargo de la investigaci\u00f3n previamente mencionada, entre otros t\u00edtulos.<\/p>\n<p>Luego del inventario provincial de emisi\u00f3n de gases de efecto invernadero con datos recabados durante 2016, Piacentini (quien estuvo a cargo del proyecto) manifest\u00f3 que \u00aba partir de all\u00ed no fuimos consultados para continuar el inventario. En su momento cost\u00f3 much\u00edsimo trabajo y esfuerzo conseguir datos para ese a\u00f1o porque\u00a0no est\u00e1 estructurada la legislaci\u00f3n de la provincia como para que las distintas \u00e1reas recaben datos que son de inter\u00e9s para el c\u00e1lculo de las emisiones\u00bb.<\/p>\n<p><strong>Contaminaci\u00f3n en Santa Fe y el pa\u00eds<\/strong><br \/>\nRespecto de la incidencia de Santa Fe y Rosario en el total de emisiones por a\u00f1o, el especialista indic\u00f3 que \u00abpor ser ciudades grandes y no tener contribuci\u00f3n agr\u00edcola las emisiones son bastante menores por habitante, aunque colaboran mucho proporcionalmente porque tienen la mayor concentraci\u00f3n de habitantes, Santa Fe tiene una proporci\u00f3n significativa de esto\u00bb.\u00a0En este marco, Rosario representa el 50% de las emisiones, seguida por la ciudad capital de la provincia con un 20%.<\/p>\n<p>Hay que se\u00f1alar que si bien es cierto que Argentina contribuye de forma general en la emisi\u00f3n del 1% de gases en el mundo, el Doctor en F\u00edsica rosarino postula que \u00abcuando dividimos las emisiones totales por habitante, \u00e9stas terminan siendo importantes.\u00a0El punto es que superamos las emisiones de muchos pa\u00edses de Europa. Ten\u00edamos emisiones por habitante en el orden de las 8 o 9 toneladas por a\u00f1o (unas 100 veces m\u00e1s el peso de una persona), en tanto que Francia o Espa\u00f1a teniendo m\u00e1s habitantes ten\u00edan menos emisiones por habitante\u00bb.<\/p>\n<p><strong>Bajante del Paran\u00e1 y calentamiento global<\/strong><br \/>\nAnte los riesgos de seguir con estos \u00edndices de emisi\u00f3n de gases de efecto invernadero, el investigador resalt\u00f3 que esto implica \u00abno solo que se contin\u00fae dando el impacto actual del calentamiento global sino que se amplifique\u00bb.<\/p>\n<p>Y a esto lo ejemplific\u00f3 con la bajante hist\u00f3rica en toda la cuenca del Paran\u00e1: \u00abEs cierto que ocurri\u00f3 una sequ\u00eda similar con una bajante extrema en 1944, lo que ocurre es que\u00a0estos eventos estaban previstos para suceder cada 100 a\u00f1os. En nuestra regi\u00f3n tenemos eventos de este tipo repiti\u00e9ndose cada d\u00e9cada y en algunos casos cada a\u00f1o.\u00a0Eso quiere decir que se est\u00e1 incentivando el fen\u00f3meno\u00bb.<\/p>\n<p>\u00abLos informes de los cient\u00edficos dicen que las causas de la sequ\u00eda en la cuenca del Paran\u00e1, siendo el mayor proveedor de agua del sur de Brasil, Paraguay y el norte de Argentina, son acciones como la deforestaci\u00f3n y principalmente el cambio clim\u00e1tico\u00bb, resalt\u00f3 sobre esto Piacentini.<\/p>\n<p><strong>Cambiar a energ\u00edas renovables<\/strong><br \/>\n\u00abLos ciudadanos tenemos que hacer esfuerzos\u00bb, sostuvo el investigador del Conicet, postulando que \u00abhay posibilidades de reducir las emisiones esencialmente en el consumo de energ\u00eda de la llamada energ\u00eda estacionaria, que es la que consumen motores, aires acondicionados, electrodom\u00e9sticos, veh\u00edculos, etc. Hay autom\u00f3viles que circulan con un tercio del consumo energ\u00e9tico de un autom\u00f3vil convencional, con motores h\u00edbridos\u00bb.<\/p>\n<p>\u00abYo considero que tenemos que aumentar much\u00edsimo la eficiencia en el uso de energ\u00eda, somos muy ineficientes en el uso de energ\u00eda.\u00a0Tenemos que cambiar la matriz energ\u00e9tica, pasar de fuentes de energ\u00eda contaminantes (petr\u00f3leo, gas, carb\u00f3n) a fuentes de energ\u00eda renovables\u00a0(solar, e\u00f3lica, biomasa, biocombustibles, geotermia, del mar, del agua, etc.)\u00bb, puntualiz\u00f3 Piacentini.<\/p>\n<p>Con respecto a la aislaci\u00f3n de las viviendas y los edificios, el director del Ifir indic\u00f3 que \u00abpor m\u00e1s que haya una legislaci\u00f3n para la eficiencia energ\u00e9tica en los nuevos edificios hay que actuar sobre los edificios existentes, no solo mejorando la calidad de vida sino tambi\u00e9n la salud. Un edificio aislado tiene la grand\u00edsima ventaja de no experimentar ni mucho fr\u00edo en invierno ni mucho calor en verano, lo que contirbuye a la salud humana\u00bb.<\/p>\n<h6>Fuente: Uno<\/h6>\n","protected":false},"excerpt":{"rendered":"<p>El especialista Rub\u00e9n Piacentini indic\u00f3 que faltan estructuras que permitan recabar datos precisos. Seg\u00fan el \u00faltimo informe, la ciudad emite 4,7 millones de toneladas de gases contaminantes por a\u00f1o.<\/p>\n","protected":false},"author":2,"featured_media":120326,"comment_status":"closed","ping_status":"closed","sticky":false,"template":"","format":"standard","meta":{"footnotes":""},"categories":[2],"tags":[10],"class_list":["post-120325","post","type-post","status-publish","format-standard","has-post-thumbnail","hentry","category-informe-municipal","tag-santa-fe"],"_links":{"self":[{"href":"http:\/\/argentinamunicipal.com.ar\/argentina\/wp-json\/wp\/v2\/posts\/120325","targetHints":{"allow":["GET"]}}],"collection":[{"href":"http:\/\/argentinamunicipal.com.ar\/argentina\/wp-json\/wp\/v2\/posts"}],"about":[{"href":"http:\/\/argentinamunicipal.com.ar\/argentina\/wp-json\/wp\/v2\/types\/post"}],"author":[{"embeddable":true,"href":"http:\/\/argentinamunicipal.com.ar\/argentina\/wp-json\/wp\/v2\/users\/2"}],"replies":[{"embeddable":true,"href":"http:\/\/argentinamunicipal.com.ar\/argentina\/wp-json\/wp\/v2\/comments?post=120325"}],"version-history":[{"count":0,"href":"http:\/\/argentinamunicipal.com.ar\/argentina\/wp-json\/wp\/v2\/posts\/120325\/revisions"}],"wp:featuredmedia":[{"embeddable":true,"href":"http:\/\/argentinamunicipal.com.ar\/argentina\/wp-json\/wp\/v2\/media\/120326"}],"wp:attachment":[{"href":"http:\/\/argentinamunicipal.com.ar\/argentina\/wp-json\/wp\/v2\/media?parent=120325"}],"wp:term":[{"taxonomy":"category","embeddable":true,"href":"http:\/\/argentinamunicipal.com.ar\/argentina\/wp-json\/wp\/v2\/categories?post=120325"},{"taxonomy":"post_tag","embeddable":true,"href":"http:\/\/argentinamunicipal.com.ar\/argentina\/wp-json\/wp\/v2\/tags?post=120325"}],"curies":[{"name":"wp","href":"https:\/\/api.w.org\/{rel}","templated":true}]}}