{"id":120332,"date":"2021-11-09T05:55:45","date_gmt":"2021-11-09T08:55:45","guid":{"rendered":"http:\/\/argentinamunicipal.com.ar\/argentina\/?p=120332"},"modified":"2021-11-08T20:01:11","modified_gmt":"2021-11-08T23:01:11","slug":"la-cgt-renueva-su-conduccion-incorpora-a-la-mujer-y-negocia-contrarreloj-la-integracion-de-la-lista","status":"publish","type":"post","link":"http:\/\/argentinamunicipal.com.ar\/argentina\/la-cgt-renueva-su-conduccion-incorpora-a-la-mujer-y-negocia-contrarreloj-la-integracion-de-la-lista\/","title":{"rendered":"La CGT renueva su conducci\u00f3n, incorpora a la mujer y negocia contrarreloj la integraci\u00f3n de la lista"},"content":{"rendered":"<p>La renovaci\u00f3n de autoridades por los pr\u00f3ximos cuatro a\u00f1os se realizar\u00e1 en un encuentro convocado para el jueves en el predio del gremio mercantil de Parque Norte, en la Costanera porte\u00f1a.<\/p>\n<p>El\u00a0Congreso Nacional de la CGT renovar\u00e1 autoridades el jueves pr\u00f3ximo por otros cuatro a\u00f1os,\u00a0luego de la pr\u00f3rroga del mandato dispuesta en su momento por el Ministerio de Trabajo ante la irrupci\u00f3n de la pandemia de coronavirus, en medio de febriles negociaciones intersectoriales para determinar su integraci\u00f3n.<\/p>\n<p>El encuentro de los congresales de la central obrera fue convocado para las 9 del jueves en el predio del gremio mercantil de Parque Norte, en las avenidas Cantilo y Guiraldes, frente a la Ciudad Universitaria.<\/p>\n<p>En el \u00faltimo encuentro del consejo directivo, realizado en octubre, la central obrera aprob\u00f3 la propuesta de reforma estatutaria que analizar\u00e1 el Congreso para cumplir con la Ley de Cupo Femenino, por lo que ampli\u00f3 el n\u00famero de secretar\u00edas de las actuales 25 a 33 a trav\u00e9s de su creaci\u00f3n o su desdoblamiento.<\/p>\n<p>La conducci\u00f3n de la CGT deb\u00eda renovarse en agosto de 2020, pero la emergencia sanitaria por la Covid-19 oblig\u00f3 a la cartera laboral a disponer la pr\u00f3rroga de los mandatos de sindicatos, federaciones y confederaciones.<\/p>\n<p>El \u00faltimo consejo directivo hab\u00eda sido electo en el estadio de Obras Sanitarias en agosto de 2016, ocasi\u00f3n en la cual los congresales aprobaron la figura de un triunvirato que integraron Juan Carlos Schmid, Carlos Acu\u00f1a y H\u00e9ctor Daer.<\/p>\n<p>Adem\u00e1s de respaldar al Gobierno y de rechazar los proyectos de Juntos por el Cambio en relaci\u00f3n a una nueva Reforma Laboral y a eliminar las indemnizaciones por despido para establecer un seguro de desempleo, la central obrera aprobar\u00e1 la reforma del estatuto y la ampliaci\u00f3n de las secretar\u00edas para garantizar la participaci\u00f3n femenina.<\/p>\n<p>Elaborada tras varios meses de estudio por los equipos t\u00e9cnicos y jur\u00eddicos de la CGT,\u00a0esa iniciativa introducir\u00e1 \u00abla paridad\u00bb en la integraci\u00f3n de las secretar\u00edas, garantizar\u00e1 el cumplimiento de la ley de Cupo Femenino y modificar\u00e1 \u00abel lenguaje general del texto estatutario para incorporar la perspectiva de g\u00e9nero\u00bb.<\/p>\n<p>Para concretar la reforma, los congresales acordaron aprobar que las secretar\u00edas pasen a ser 33 en lugar de las actuales 25, con lo cual se crear\u00e1n 4 nuevas y se desdoblar\u00e1n otras 4, lo que permitir\u00e1 cumplir con la norma sancionada hace casi dos d\u00e9cadas.<\/p>\n<p>Adem\u00e1s, se garantizar\u00e1 el cumplimiento del cupo femenino en la totalidad de los institutos y de los \u00f3rganos de conducci\u00f3n de la central.<\/p>\n<p>De este modo, a partir del jueves se crear\u00e1n las secretar\u00edas de Asuntos Municipales, Asuntos Energ\u00e9ticos, Innovaci\u00f3n y Futuro del Trabajo, e Infraestructura y Servicios P\u00fablicos, mientras que otras 4 -Cultura, Ciencia y T\u00e9cnica, Vivienda y Turismo, Juventud y Protecci\u00f3n de la Ni\u00f1ez- se desdoblar\u00e1n y pasar\u00e1n a ser 8, ratificaron las fuentes.<\/p>\n<p>El Congreso General Extraordinario se realizar\u00e1 apenas tres d\u00edas antes de las elecciones legislativas del domingo pr\u00f3ximo, por lo que los dirigentes difundir\u00e1n \u00abun fuerte pronunciamiento pol\u00edtico de respaldo al Gobierno y de rechazo total a los proyectos o intentos flexibilizadores, como la eliminaci\u00f3n de las indemnizaciones\u00bb.<\/p>\n<p>\u00abLos congresales cumplir\u00e1n el jueves el mandato conferido por el Comit\u00e9 Central Confederal (CCC) del 22 de septiembre \u00faltimo, que analiz\u00f3 y aprob\u00f3 esos temas\u00bb,\u00a0se\u00f1alaron las fuentes a T\u00e9lam.<\/p>\n<p>La mec\u00e1nica de la jornada consistir\u00e1 primero en la elecci\u00f3n del presidente y los vicepresidentes 1\u00ba y 2\u00ba del Congreso, luego se designar\u00e1 a los integrantes de la Comisi\u00f3n de Poderes, que producir\u00e1 su despacho estatutario, para luego aprobar el nuevo Estatuto.<\/p>\n<p>Por estas horas, los principales dirigentes gremiales de los sindicatos de servicios, industriales y del transporte negocian de forma febril la integraci\u00f3n de la n\u00f3mina final de la conducci\u00f3n para el per\u00edodo 2021-25, aunque los voceros consultados confiaron a T\u00e9lam que otra vez \u00abse impondr\u00e1 la figura de un triunvirato para lograr la unidad\u00bb.<\/p>\n<p>\u00abEs preciso contener a todos los sectores del movimiento obrero en el contexto de una unidad integral, en especial ante el dif\u00edcil momento de la vida nacional\u00bb, plantearon.<\/p>\n<p>Seg\u00fan las fuentes a las que accedi\u00f3 esta agencia, la negociaci\u00f3n original contemplaba la integraci\u00f3n del nuevo triunvirato con la reelecci\u00f3n de Daer por los gremios de servicios, Antonio Cal\u00f3 por los industriales y Pablo Moyano por el sector del transporte.<\/p>\n<p>Sin embargo, en los \u00faltimos d\u00edas comenz\u00f3 a tallar fuerte la figura del gastron\u00f3mico Luis Barrionuevo, quien en las negociaciones de \u00faltimo momento -se\u00f1alaron esas mismas fuentes- \u00abpr\u00e1cticamente impuso la continuidad en el triunvirato de Acu\u00f1a\u00bb, por lo que \u00abde manera indefectible y para garantizar la unidad seguro ser\u00e1 desplazado Cal\u00f3\u00bb.<\/p>\n<p>Lo que no est\u00e1 en discusi\u00f3n es la continuidad en la secretar\u00eda adjunta del estatal Andr\u00e9s Rodr\u00edguez (UPCN), del constructor Gerardo Mart\u00ednez (UOCRA) en Relaciones Internacionales y del docente (UDA) Sergio Romero en la de Pol\u00edticas Educativas.<\/p>\n<p>Tambi\u00e9n se descuenta que Jos\u00e9 Luis Lingeri (Obras Sanitarias) y Julio Piumato (UPCN, Judiciales) volver\u00e1n a ser elegidos al frente de Acci\u00f3n Social y de Derechos Humanos.<\/p>\n<p>A partir de ma\u00f1ana continuar\u00e1n las negociaciones y los encuentros de mesa chica para determinar y consensuar qui\u00e9n ocupar\u00e1 la estrat\u00e9gica secretar\u00eda Gremial -tercera en importancia luego del triunvirato y la Adjunta-, que est\u00e1 vacante desde la ruptura de la CGT y la renuncia a ese cargo del camionero Pablo Moyano.<\/p>\n<p>Del mismo modo, las fuentes se\u00f1alaron a T\u00e9lam que el titular del sindicato La Fraternidad, Omar Maturano (conductores de trenes), dejar\u00eda el cargo en el consejo directivo para que lo ocupe su hijo Sebasti\u00e1n, referente de la Juventud Sindical Peronista, y otro tanto ocurrir\u00e1 con el mercantil Armando Cavalieri, quien ser\u00e1 reemplazado por el adjunto de la Federaci\u00f3n de Comercio (Faecys), Jos\u00e9 Gonz\u00e1lez.<\/p>\n<p>En la negociaci\u00f3n, el dirigente mercantil logr\u00f3 incorporar al nuevo consejo directivo otro cargo, que ocupar\u00e1 la adjunta del gremio platense, Romina Santana.<\/p>\n<p>Sin embargo, a partir de ma\u00f1ana y hasta el mismo jueves continuar\u00e1n las negociaciones para consensuar la integraci\u00f3n final de la grilla de conducci\u00f3n, ya que entre otros aspira a regresar a Azopardo un representante de la Asociaci\u00f3n Bancaria.<\/p>\n<h6>Fuente: Telam<\/h6>\n","protected":false},"excerpt":{"rendered":"<p>La renovaci\u00f3n de autoridades por los pr\u00f3ximos cuatro a\u00f1os se realizar\u00e1 en un encuentro convocado para el jueves en el predio del gremio mercantil de Parque Norte, en la Costanera porte\u00f1a.\u00a0<\/p>\n","protected":false},"author":2,"featured_media":120333,"comment_status":"closed","ping_status":"closed","sticky":false,"template":"","format":"standard","meta":{"footnotes":""},"categories":[8],"tags":[21],"class_list":["post-120332","post","type-post","status-publish","format-standard","has-post-thumbnail","hentry","category-informe-nacional","tag-argentina"],"_links":{"self":[{"href":"http:\/\/argentinamunicipal.com.ar\/argentina\/wp-json\/wp\/v2\/posts\/120332","targetHints":{"allow":["GET"]}}],"collection":[{"href":"http:\/\/argentinamunicipal.com.ar\/argentina\/wp-json\/wp\/v2\/posts"}],"about":[{"href":"http:\/\/argentinamunicipal.com.ar\/argentina\/wp-json\/wp\/v2\/types\/post"}],"author":[{"embeddable":true,"href":"http:\/\/argentinamunicipal.com.ar\/argentina\/wp-json\/wp\/v2\/users\/2"}],"replies":[{"embeddable":true,"href":"http:\/\/argentinamunicipal.com.ar\/argentina\/wp-json\/wp\/v2\/comments?post=120332"}],"version-history":[{"count":0,"href":"http:\/\/argentinamunicipal.com.ar\/argentina\/wp-json\/wp\/v2\/posts\/120332\/revisions"}],"wp:featuredmedia":[{"embeddable":true,"href":"http:\/\/argentinamunicipal.com.ar\/argentina\/wp-json\/wp\/v2\/media\/120333"}],"wp:attachment":[{"href":"http:\/\/argentinamunicipal.com.ar\/argentina\/wp-json\/wp\/v2\/media?parent=120332"}],"wp:term":[{"taxonomy":"category","embeddable":true,"href":"http:\/\/argentinamunicipal.com.ar\/argentina\/wp-json\/wp\/v2\/categories?post=120332"},{"taxonomy":"post_tag","embeddable":true,"href":"http:\/\/argentinamunicipal.com.ar\/argentina\/wp-json\/wp\/v2\/tags?post=120332"}],"curies":[{"name":"wp","href":"https:\/\/api.w.org\/{rel}","templated":true}]}}