{"id":120347,"date":"2021-11-09T05:45:04","date_gmt":"2021-11-09T08:45:04","guid":{"rendered":"http:\/\/argentinamunicipal.com.ar\/argentina\/?p=120347"},"modified":"2021-11-08T20:26:49","modified_gmt":"2021-11-08T23:26:49","slug":"la-poderosa-prepara-500-platos-de-comida-por-fin-de-semana-en-santa-fe","status":"publish","type":"post","link":"http:\/\/argentinamunicipal.com.ar\/argentina\/la-poderosa-prepara-500-platos-de-comida-por-fin-de-semana-en-santa-fe\/","title":{"rendered":"La Poderosa prepara 500 platos de comida por fin de semana en Santa Fe"},"content":{"rendered":"<p>La organizaci\u00f3n, que tambi\u00e9n tiene sede en la ciudad capital de la provincia, cuenta con 156 comedores en los que trabajan 1.500 personas todos los d\u00edas.<\/p>\n<p>En el marco de la renovaci\u00f3n del convenio que la organizaci\u00f3n social La Poderos celebr\u00f3 con el organismo internacional Unicef, Mar\u00eda Claudia Albornoz dio detalles del trabajo que se realiza diariamente en materia de alimentaci\u00f3n, en todo el pa\u00eds.<\/p>\n<p>\u201cCon la Poderosa venimos trabajando con Unicef desde hace 18 meses. Nosotros sacamos una campa\u00f1a que se llama contagi\u00e1 solidaridad al inicio de la pandemia en pos de que las ollas populares, los merenderos puedan seguir con sus actividades en este momento de mucha crisis y ah\u00ed es donde llegamos a este convenio que tiene que ver con reforzar la alimentaci\u00f3n y es muy necesario porque si cont\u00e1ramos solo con lo que lo gobiernos proporcionan ser\u00eda muy poco nutritiva la dieta y Unicef aporta carne, verduras y frutas a la dieta de comedores que tienen convenio con La Poderosa\u201d, explic\u00f3.<\/p>\n<p>En ese sentido indic\u00f3 que \u201ccocinamos 42 mil platos de comida en todo el pa\u00eds en 156 comedores, trabajan 1500 compa\u00f1eras y compa\u00f1eros\u201d y \u201cen (la ciudad) Santa Fe tenemos cada fin de semana el comedor funciona con 250 raciones cada d\u00eda\u201d, a\u00f1adi\u00f3.<\/p>\n<p>Asimismo sostuvo que estos n\u00fameros tiene relaci\u00f3n directa con los n\u00fameros de la pobreza que arroja el Indec en todo el territorio nacional y que indican que hay \u201cm\u00e1s de 15 mil comedores en Argentina y m\u00e1s de 10 millones de personas que comen en estos lugares diariamente\u201d.<\/p>\n<h6>Fuente: El Litoral<\/h6>\n","protected":false},"excerpt":{"rendered":"<p>La organizaci\u00f3n, que tambi\u00e9n tiene sede en la ciudad capital de la provincia, cuenta con 156 comedores en los que trabajan 1.500 personas todos los d\u00edas.<\/p>\n","protected":false},"author":2,"featured_media":120348,"comment_status":"closed","ping_status":"closed","sticky":false,"template":"","format":"standard","meta":{"footnotes":""},"categories":[2],"tags":[10],"class_list":["post-120347","post","type-post","status-publish","format-standard","has-post-thumbnail","hentry","category-informe-municipal","tag-santa-fe"],"_links":{"self":[{"href":"http:\/\/argentinamunicipal.com.ar\/argentina\/wp-json\/wp\/v2\/posts\/120347","targetHints":{"allow":["GET"]}}],"collection":[{"href":"http:\/\/argentinamunicipal.com.ar\/argentina\/wp-json\/wp\/v2\/posts"}],"about":[{"href":"http:\/\/argentinamunicipal.com.ar\/argentina\/wp-json\/wp\/v2\/types\/post"}],"author":[{"embeddable":true,"href":"http:\/\/argentinamunicipal.com.ar\/argentina\/wp-json\/wp\/v2\/users\/2"}],"replies":[{"embeddable":true,"href":"http:\/\/argentinamunicipal.com.ar\/argentina\/wp-json\/wp\/v2\/comments?post=120347"}],"version-history":[{"count":0,"href":"http:\/\/argentinamunicipal.com.ar\/argentina\/wp-json\/wp\/v2\/posts\/120347\/revisions"}],"wp:featuredmedia":[{"embeddable":true,"href":"http:\/\/argentinamunicipal.com.ar\/argentina\/wp-json\/wp\/v2\/media\/120348"}],"wp:attachment":[{"href":"http:\/\/argentinamunicipal.com.ar\/argentina\/wp-json\/wp\/v2\/media?parent=120347"}],"wp:term":[{"taxonomy":"category","embeddable":true,"href":"http:\/\/argentinamunicipal.com.ar\/argentina\/wp-json\/wp\/v2\/categories?post=120347"},{"taxonomy":"post_tag","embeddable":true,"href":"http:\/\/argentinamunicipal.com.ar\/argentina\/wp-json\/wp\/v2\/tags?post=120347"}],"curies":[{"name":"wp","href":"https:\/\/api.w.org\/{rel}","templated":true}]}}