{"id":120359,"date":"2021-11-09T05:00:26","date_gmt":"2021-11-09T08:00:26","guid":{"rendered":"http:\/\/argentinamunicipal.com.ar\/argentina\/?p=120359"},"modified":"2021-11-09T06:14:36","modified_gmt":"2021-11-09T09:14:36","slug":"municipios-saludables-mas-espacios-verdes-en-la-agenda-post-pandemia","status":"publish","type":"post","link":"http:\/\/argentinamunicipal.com.ar\/argentina\/municipios-saludables-mas-espacios-verdes-en-la-agenda-post-pandemia\/","title":{"rendered":"Municipios Saludables: m\u00e1s espacios verdes en la agenda post pandemia"},"content":{"rendered":"<p>Morteros y La Francia son los dos municipios de San Justo que accedieron a esta certificaci\u00f3n junto a otros cinco en la provincia y totalizan 20 en el pa\u00eds. La pandemia sum\u00f3 l\u00edneas de financiamiento para trabajar en pos de la salud de los vecinos, la creaci\u00f3n de entornos saludables es una de ellas.<\/p>\n<p>La Francia y Morteros forman parte de los siete Municipios Saludables que tiene la provincia de C\u00f3rdoba y representan a San Justo entre los 20 que existen a nivel nacional. Contar con esta certificaci\u00f3n les permite a las gestiones municipales acceder a l\u00edneas de financiamiento para trabajar en temas de impacto para la salud p\u00fablica.<\/p>\n<p>En el caso La Francia, recientemente firmaron un convenio con el Ministerio de Salud, que les permitir\u00e1 llevar adelante acciones en tres temas como son: entornos saludables, seguridad vial y ciudades amigables para personas mayores.<\/p>\n<p>Seg\u00fan aseguran desde el municipio una de las l\u00edneas \u00abinnovadoras\u00bb es la de crear nuevos espacios verdes funcionales y con una mirada para salud.<\/p>\n<p>Para la intendenta Mar\u00eda Fernanda Grimaldi, la l\u00ednea entornos saludables \u00abincluye espacios verdes urbanos, una l\u00ednea innovadora porque antes no hab\u00eda sido mencionado como tema de salud. Con esto de la pandemia, se potenci\u00f3 la necesidad de crear nuevos espacios con lugares verdes que sean funcionales para la sociedad\u00bb.<\/p>\n<p>En este sentido precis\u00f3 que en la localidad proyectan refuncionalizar el denominado \u00abpaseo norte\u00bb donde se construyen viviendas municipales, siendo que se trata de un barrio alejado de las principales plazas y parques del pueblo.<\/p>\n<p><strong>Recertificaron<\/strong><br \/>\nGrimaldi explic\u00f3 que el programa se concreta a nivel pa\u00eds en 2009 y en 2014, La Francia se acredita la primera etapa como municipio responsable. Siendo que para acceder a la certificaci\u00f3n final de Municipio Saludable antes se deben completar otras tres etapas.<\/p>\n<p>\u00abEsta firma de convenios que se hace es para recertificar que somos Municipio Saludable y mejorar todo lo que hace a la promoci\u00f3n de salud y prevenci\u00f3n de enfermedades\u00bb, manifest\u00f3.<\/p>\n<p>Para ello, se trabaja con diferentes indicadores de la salud que son monitoreados por el estado provincial y nacional.<\/p>\n<p>\u00abEl programa fortalece las capacidades que tienen los municipios en lo que es promoci\u00f3n y gesti\u00f3n de la salud y act\u00faa en determinantes que ellos te van guiando. Se trata de factores econ\u00f3micos, sociales y ambientales donde uno puede determinar el estado de salud de las personas\u00bb, explic\u00f3 la titular del ejecutivo municipal.<\/p>\n<p>\u00abEste programa tiene un incentivo econ\u00f3mico que se va transfiriendo de a porcentajes de acuerdo a cada etapa cumplida. Cada l\u00ednea tiene un monto determinado de dinero\u00bb, puntualiz\u00f3 la mandataria municipal.<\/p>\n<p>Uno de los requisitos para acceder al mismo es la creaci\u00f3n de una mesa intersectorial que en La Francia se denomina \u00abLazos comunitarios\u00bb. La misma est\u00e1 integrada por autoridades municipales,\u00a0instituciones y organizaciones del pueblo. \u00abNos juntamos mensualmente para poner sobre la mesa estos temas que son relevantes para el pueblo y los trabajamos en red\u00bb, dijo.<\/p>\n<p><strong>Br\u00eda: \u00abEs una herramienta\u00a0\u00a0de gesti\u00f3n integral\u00bb<\/strong><br \/>\nPara el intendente morterense Jos\u00e9 Br\u00eda, este programa nacional \u00abnos ayud\u00f3 mucho como herramienta de gesti\u00f3n para articular todas las \u00e1reas de gobierno ya que saludable no se limita s\u00f3lo al hospital sino que hace referencia a una gesti\u00f3n integral que se vincula a la ambiente, al tr\u00e1nsito, obras p\u00fablicas como cloacas, luces led; la recolecci\u00f3n de residuos, entre otras\u00bb.<\/p>\n<p>\u00abPara la comunidad, tiene un impacto muy importante siendo que nos permite atender problem\u00e1ticas como el embarazo no deseado, en su momento con la conformaci\u00f3n del consultorio adolescente que funciona en el hospital y nos permite prevenir en este sentido\u00bb, ejemplific\u00f3.<\/p>\n<p>Br\u00eda cont\u00f3 que este programa aport\u00f3 elementos deportivos para el \u00abMorteros se Mueve\u00bb por medio del cual el municipio\u00a0brinda actividades como la runnig, caminata, actividad para la tercera edad, ritmos lartinos en clubes y plazas de barrio.<\/p>\n<p>\u00abTambi\u00e9n se recibi\u00f3 dinero para la compra de televisores que nos permiten proyectar im\u00e1genes de concientizaci\u00f3n y prevenci\u00f3n de enfermedades como diabetes, tabaco, adicciones. Los mismos est\u00e1n en la sala de espera del hospital y del municipio; tambi\u00e9n accedimos a la compra de equipamiento de la salud\u00bb, cont\u00f3.<\/p>\n<p>Br\u00eda reconoci\u00f3 que \u00absi bien no se trata de grandes fondos, sirven de apoyo para los planes y proyectos que tenemos diagramados desde el municipio en la diferentes \u00e1reas de trabajo\u00bb.<\/p>\n<h6>Fuente: La Voz de San Justo<\/h6>\n","protected":false},"excerpt":{"rendered":"<p>Morteros y La Francia son los dos municipios de San Justo que accedieron a esta certificaci\u00f3n junto a otros cinco en la provincia y totalizan 20 en el pa\u00eds.<\/p>\n","protected":false},"author":2,"featured_media":120360,"comment_status":"closed","ping_status":"closed","sticky":false,"template":"","format":"standard","meta":{"footnotes":""},"categories":[2],"tags":[3],"class_list":["post-120359","post","type-post","status-publish","format-standard","has-post-thumbnail","hentry","category-informe-municipal","tag-cordoba"],"_links":{"self":[{"href":"http:\/\/argentinamunicipal.com.ar\/argentina\/wp-json\/wp\/v2\/posts\/120359","targetHints":{"allow":["GET"]}}],"collection":[{"href":"http:\/\/argentinamunicipal.com.ar\/argentina\/wp-json\/wp\/v2\/posts"}],"about":[{"href":"http:\/\/argentinamunicipal.com.ar\/argentina\/wp-json\/wp\/v2\/types\/post"}],"author":[{"embeddable":true,"href":"http:\/\/argentinamunicipal.com.ar\/argentina\/wp-json\/wp\/v2\/users\/2"}],"replies":[{"embeddable":true,"href":"http:\/\/argentinamunicipal.com.ar\/argentina\/wp-json\/wp\/v2\/comments?post=120359"}],"version-history":[{"count":0,"href":"http:\/\/argentinamunicipal.com.ar\/argentina\/wp-json\/wp\/v2\/posts\/120359\/revisions"}],"wp:featuredmedia":[{"embeddable":true,"href":"http:\/\/argentinamunicipal.com.ar\/argentina\/wp-json\/wp\/v2\/media\/120360"}],"wp:attachment":[{"href":"http:\/\/argentinamunicipal.com.ar\/argentina\/wp-json\/wp\/v2\/media?parent=120359"}],"wp:term":[{"taxonomy":"category","embeddable":true,"href":"http:\/\/argentinamunicipal.com.ar\/argentina\/wp-json\/wp\/v2\/categories?post=120359"},{"taxonomy":"post_tag","embeddable":true,"href":"http:\/\/argentinamunicipal.com.ar\/argentina\/wp-json\/wp\/v2\/tags?post=120359"}],"curies":[{"name":"wp","href":"https:\/\/api.w.org\/{rel}","templated":true}]}}