{"id":12036,"date":"2014-07-22T10:39:47","date_gmt":"2014-07-22T13:39:47","guid":{"rendered":"http:\/\/argentinamunicipal.com.ar\/argentina\/?p=12036"},"modified":"2014-07-22T10:39:47","modified_gmt":"2014-07-22T13:39:47","slug":"acuerdo-para-gestionar-residuos-entre-parana-y-una-ong-santafesina","status":"publish","type":"post","link":"http:\/\/argentinamunicipal.com.ar\/argentina\/acuerdo-para-gestionar-residuos-entre-parana-y-una-ong-santafesina\/","title":{"rendered":"Acuerdo para gestionar residuos entre Paran\u00e1 y una ONG Santafesina"},"content":{"rendered":"<p><a href=\"http:\/\/argentinamunicipal.com.ar\/argentina\/wp-content\/uploads\/2014\/07\/o_1406002070.jpg\"><img loading=\"lazy\" decoding=\"async\" class=\"aligncenter size-full wp-image-12037\" src=\"http:\/\/argentinamunicipal.com.ar\/argentina\/wp-content\/uploads\/2014\/07\/o_1406002070.jpg\" alt=\"o_1406002070\" width=\"640\" height=\"360\" srcset=\"http:\/\/argentinamunicipal.com.ar\/argentina\/wp-content\/uploads\/2014\/07\/o_1406002070.jpg 640w, http:\/\/argentinamunicipal.com.ar\/argentina\/wp-content\/uploads\/2014\/07\/o_1406002070-300x168.jpg 300w\" sizes=\"auto, (max-width: 640px) 100vw, 640px\" \/><\/a><br \/>\nCon el objetivo de profundizar la protecci\u00f3n del medio ambiente, la Municipalidad y la Fundaci\u00f3n H\u00e1bitat y Desarrollo de Santa Fe firmaron un convenio. La idea es dise\u00f1ar un sistema relacionado con la log\u00edstica de los camiones recolectores.<\/p>\n<p>La presidenta municipal Blanca Osuna, en compa\u00f1\u00eda del secretario de Gobierno Sergio Granetto, firm\u00f3 un acuerdo con la Fundaci\u00f3n H\u00e1bitat y Desarrollo de Santa Fe, con el objetivo de profundizar acciones conjuntas en el marco de las pol\u00edticas que se implementan en la ciudad sobre la gesti\u00f3n integral de los residuos s\u00f3lidos urbanos y la protecci\u00f3n del medio ambiente.<\/p>\n<p>Seg\u00fan se inform\u00f3 oficialmente, el acuerdo tendr\u00e1 una duraci\u00f3n de dos meses y en \u00e9l se asume el compromiso de profundizar acciones conjuntas, que \u201cproyecten la visi\u00f3n de responsabilidad social corporativa y que atiendan las tem\u00e1ticas vinculadas con la protecci\u00f3n del medio ambiente\u201d.<\/p>\n<p>Las partes reconocieron los beneficios sociales que derivan de la promoci\u00f3n de la correcta gesti\u00f3n de los residuos s\u00f3lidos urbanos, del reciclado de materiales y del uso sustentable de los recursos naturales. En este sentido, desde la Fundaci\u00f3n se expres\u00f3 su intenci\u00f3n de fortalecer las acciones en com\u00fan junto a la comuna paranaense, vinculadas con el reciclado y la concientizaci\u00f3n ambiental, para contribuir a un mejor entendimiento y fortalecer el desarrollo de emprendimientos comunes.<br \/>\nActores. En la oportunidad de la firma del acuerdo, estuvo presente la secretaria de Medio Ambiente municipal, Juliana Robledo, junto a diferentes coordinadores de las Unidades Municipales de Paran\u00e1. En tanto que por la Fundaci\u00f3n, lo hicieron la coordinadora de la Fundaci\u00f3n en Santa Fe, Julieta De Filippo, junto a su representante Legal Walter Bernacchi.<\/p>\n<p>Granetto se refiri\u00f3 al objetivo de la firma de dicho acuerdo: \u201cEste convenio tiene la finalidad de ordenar los circuitos de recolecci\u00f3n junto al trabajo de las Unidades Municipales en materia de residuos. Viene un proceso de equipamiento que est\u00e1 en etapa de licitaci\u00f3n actualmente, y la idea es que cuando llegue exista una l\u00f3gica de ordenamiento de lo que son los circuitos de recolecci\u00f3n, la frecuencia y los horarios\u201d.<\/p>\n<p>El funcionario municipal destac\u00f3 la importancia de trabajar con esta Fundaci\u00f3n santafesina: \u201cTienen mucha experiencia en el tema y nos vienen acompa\u00f1ando en el proceso de trabajar con cada uno de los coordinadores de las Unidades Municipales, revisando los criterios de trabajo en la recolecci\u00f3n de residuos. Y esto tiene relaci\u00f3n con el camino que hacen los residuos, desde c\u00f3mo se juntan, pasando por su traslado hacia la planta de asificaci\u00f3n cuando est\u00e9 en funcionamiento, y cuestiones puntuales que es necesario que se vayan mejorando\u201d.<\/p>\n<p>El funcionario detall\u00f3 el programa de trabajo que se realizar\u00e1 a futuro: \u201cAhora empieza un trabajo rotativo de reuniones con cada uno de los coordinadores y con sus equipos para organizar estos criterios de recolecci\u00f3n, de barrido, de recolecci\u00f3n de ramas, y todo el tratamiento integral, generando un criterio com\u00fan para todos\u201d.<\/p>\n<p>En tanto Julieta De Filippo se refiri\u00f3 al aporte que brindar\u00e1 su organismo al Municipio: \u201cNosotros tenemos experiencia en lo que es la Gesti\u00f3n Integral de Residuos S\u00f3lidos Urbanos, lo hemos realizado en otras ciudades. Venimos a acompa\u00f1ar a la Municipalidad de Paran\u00e1 que est\u00e1 trabajando y tambi\u00e9n a distintas organizaciones sociales que tienen larga trayectoria en el tema\u201d.<\/p>\n<p>Concepto. Sobre el trabajo que realizar\u00e1 la Fundaci\u00f3n H\u00e1bitat y Desarrollo, De Filippo expres\u00f3: \u201cH\u00e1bitat viene a dise\u00f1ar un sistema que tiene que ver con la log\u00edstica de los camiones pero tambi\u00e9n apuntando en lo que tiene que ver con la diferenciaci\u00f3n de residuos s\u00f3lidos urbanos\u201d. Ante esto agreg\u00f3 que: \u201cCada uno de nosotros debe empezar a pensar que somos generadores de basura, cada uno de los vecinos aportamos a un basural y en este sentido hay que crear conciencia ambiental, que es un t\u00e9rmino nuevo, pero se debe ir familiarizando\u201d.<\/p>\n<p><strong>AL MARGEN<\/strong><br \/>\nPasos. El primer punto para la puesta en marcha de un proyecto entre el municipio y la ONG santafesina ser\u00e1 partir de establecerse metas y objetivos a alcanzarse de forma gradual e interdisciplinaria, sustentado en la aplicaci\u00f3n de estrategias, tanto log\u00edsticas y t\u00e9cnicas, como as\u00ed tambi\u00e9n en lo que refiere a concientizaci\u00f3n y educaci\u00f3n ambiental formal y no formal.<\/p>\n<h6>Fuente: El Diario, Entre R\u00edos<\/h6>\n","protected":false},"excerpt":{"rendered":"<p>Con el objetivo de profundizar la protecci\u00f3n del medio ambiente, la Municipalidad y la Fundaci\u00f3n H\u00e1bitat y Desarrollo de Santa Fe firmaron un convenio. La idea es dise\u00f1ar un sistema relacionado con la log\u00edstica de los camiones recolectores. La presidenta municipal Blanca Osuna, en compa\u00f1\u00eda del secretario de Gobierno Sergio Granetto, firm\u00f3 un acuerdo con<\/p>\n","protected":false},"author":2,"featured_media":12037,"comment_status":"closed","ping_status":"closed","sticky":false,"template":"","format":"standard","meta":{"footnotes":""},"categories":[2],"tags":[17],"class_list":["post-12036","post","type-post","status-publish","format-standard","has-post-thumbnail","hentry","category-informe-municipal","tag-entre-rios"],"_links":{"self":[{"href":"http:\/\/argentinamunicipal.com.ar\/argentina\/wp-json\/wp\/v2\/posts\/12036","targetHints":{"allow":["GET"]}}],"collection":[{"href":"http:\/\/argentinamunicipal.com.ar\/argentina\/wp-json\/wp\/v2\/posts"}],"about":[{"href":"http:\/\/argentinamunicipal.com.ar\/argentina\/wp-json\/wp\/v2\/types\/post"}],"author":[{"embeddable":true,"href":"http:\/\/argentinamunicipal.com.ar\/argentina\/wp-json\/wp\/v2\/users\/2"}],"replies":[{"embeddable":true,"href":"http:\/\/argentinamunicipal.com.ar\/argentina\/wp-json\/wp\/v2\/comments?post=12036"}],"version-history":[{"count":0,"href":"http:\/\/argentinamunicipal.com.ar\/argentina\/wp-json\/wp\/v2\/posts\/12036\/revisions"}],"wp:featuredmedia":[{"embeddable":true,"href":"http:\/\/argentinamunicipal.com.ar\/argentina\/wp-json\/wp\/v2\/media\/12037"}],"wp:attachment":[{"href":"http:\/\/argentinamunicipal.com.ar\/argentina\/wp-json\/wp\/v2\/media?parent=12036"}],"wp:term":[{"taxonomy":"category","embeddable":true,"href":"http:\/\/argentinamunicipal.com.ar\/argentina\/wp-json\/wp\/v2\/categories?post=12036"},{"taxonomy":"post_tag","embeddable":true,"href":"http:\/\/argentinamunicipal.com.ar\/argentina\/wp-json\/wp\/v2\/tags?post=12036"}],"curies":[{"name":"wp","href":"https:\/\/api.w.org\/{rel}","templated":true}]}}