{"id":120386,"date":"2021-11-10T05:46:09","date_gmt":"2021-11-10T08:46:09","guid":{"rendered":"http:\/\/argentinamunicipal.com.ar\/argentina\/?p=120386"},"modified":"2021-11-09T19:49:22","modified_gmt":"2021-11-09T22:49:22","slug":"fernandez-queremos-que-todos-trabajen-pero-otros-quieren-que-los-empresarios-puedan-despedir","status":"publish","type":"post","link":"http:\/\/argentinamunicipal.com.ar\/argentina\/fernandez-queremos-que-todos-trabajen-pero-otros-quieren-que-los-empresarios-puedan-despedir\/","title":{"rendered":"Fern\u00e1ndez: \u00abQueremos que todos trabajen, pero otros quieren que los empresarios puedan despedir\u00bb"},"content":{"rendered":"<p>El Presidente recorri\u00f3 en el partido de Moreno empresas conducidas por mujeres en el Parque Industrial, mantuvo un encuentro con beneficiarias del Programa Mi Pieza y encabez\u00f3 un acto en el Teatro Roma. \u00abHay que decirles que no queremos volver atr\u00e1s al tiempo donde los d\u00f3lares se fugaban y nuestros bolsillos se vaciaban\u00bb, remarc\u00f3.<\/p>\n<p>El presidente Alberto Fern\u00e1ndez sostuvo que su Gobierno impulsa medidas \u00abpara que todos trabajen\u00bb y se lament\u00f3 porque \u00abotros est\u00e1n preocupados para que los empresarios puedan despedir sin pagar indemnizaci\u00f3n\u00bb, en alusi\u00f3n a dirigentes de Juntos por el Cambio que impulsan proyectos para que se elimine el tradicional r\u00e9gimen de resarcimiento por cesant\u00eda laboral.<\/p>\n<p>\u00abNosotros estamos preocupados para que todos trabajen, pero otros est\u00e1n preocupados para que los empresarios puedan despedir sin pagar indemnizaci\u00f3n, no es todo lo mismo\u00bb, asegur\u00f3 Fern\u00e1ndez en el partido bonaerense de Moreno, donde recorri\u00f3 empresas conducidas por mujeres en el Parque Industrial local, mantuvo un encuentro con beneficiarias del Programa Mi Pieza y encabez\u00f3 un acto en el Teatro Roma.<\/p>\n<p>El mandatario sali\u00f3 a explicarles a los vecinos \u00abque no es todo lo mismo, que cuando uno pone una boleta o la otra en la urna no sale el mismo pa\u00eds\u00bb.<\/p>\n<p>\u00abHay que decirles que no queremos volver atr\u00e1s al tiempo donde los d\u00f3lares se fugaban y nuestros bolsillos se vaciaban, al tiempo donde un jubilado ten\u00eda que elegir entre pagar sus medicamentos o pagar la tarifa de la luz. No queremos volver a ese tiempo\u00bb, remarc\u00f3.<\/p>\n<p>\u00abYo estoy preocupado para ver como peleo con los acreedores para pagarles lo menos posible y el que tom\u00f3 la deuda tom\u00f3 m\u00e1s deuda para pagarle a esos acreedores en perjuicio de todos nosotros; no es todo lo mismo, y eso hay que explicarlo, porque lo que est\u00e1 en juego es como queremos que sea la Argentina\u00bb, se\u00f1al\u00f3 Fern\u00e1ndez.<\/p>\n<p>El mandatario grafic\u00f3 que \u00abalgunos representan los intereses de los poderosos\u00bb y ampli\u00f3: \u00abEsos son los que nos endeudaron en un minuto y medio y cuando la plata no les alcanz\u00f3 fueron al FMI a pedir m\u00e1s plata para devolv\u00e9rsela a los banqueros, no para que la Argentina crezca. Y nos dejaron el pa\u00eds sumido en una profunda crisis social y econ\u00f3mica\u00bb.<\/p>\n<p>\u00abNosotros no representamos a los que especulan, representamos a los empresarios que invierten y dan trabajo, producen y exportan y pagan sus impuestos. A esos empresarios les decimos que s\u00ed, y a los especuladores les decimos basta\u00bb, subray\u00f3 Fern\u00e1ndez en un acto con militantes.<\/p>\n<p>Junto al ministro de Desarrollo Social, Juan Zabaleta; el titular de la C\u00e1mara de Diputados, Sergio Massa, y la intendenta local, Mariel Fern\u00e1ndez, el Presidente destac\u00f3: \u00abLo que m\u00e1s claro tenemos es a qui\u00e9nes defendemos, nosotros estamos aqu\u00ed para defender a los que menos tienen, para proteger a los que han quedado al margen, para tenderle una mano a los que cayeron en el pozo de la pobreza y volverlos a subir al escenario social\u00bb.<\/p>\n<p>\u00abTenemos que tener la convicci\u00f3n de que estamos gobernando para que el trabajo vuelva y sea bien remunerado, para que todos tengan su casa, para que vivir dignamente no sea un privilegio, sino que sea un derecho, para que las mujeres tengan los mismos derechos que los hombres, para eso trabajamos d\u00eda a d\u00eda\u00bb, afirm\u00f3 Fern\u00e1ndez.<\/p>\n<p>En su visita a Moreno, el jefe de Estado recorri\u00f3 empresas conducidas por mujeres en el Parque Industrial Moreno 2, que es el segundo predio fabril promovido desde la Municipalidad.<\/p>\n<p>\u00abNosotros estamos preocupados para que todos trabajen, pero otros est\u00e1n preocupados para que los empresarios puedan despedir sin pagar indemnizaci\u00f3n, no es todo lo mismo\u00bb Alberto Fern\u00e1ndez<\/p>\n<p>All\u00ed, en el \u00faltimo a\u00f1o y medio, se incorporaron 50 firmas, la mayor\u00eda de las cuales tienen al frente a mujeres y est\u00e1n actualmente construyendo sus nuevas instalaciones.<\/p>\n<p>Fern\u00e1ndez dialog\u00f3 con trabajadores de diferentes compa\u00f1\u00edas y convers\u00f3 sobre el crecimiento del predio con las autoridades del fideicomiso del Parque Industrial, Federico Fongi, Vanesa Villar y Laura Campos, y con la administradora del Instituto Municipal de Desarrollo Econ\u00f3mico local, Estefan\u00eda de Dios, indicaron fuentes oficiales.<\/p>\n<p>Una de las firmas que visit\u00f3 el mandatario es Hepricar, que producir\u00e1 carrocer\u00edas para \u00f3mnibus urbanos con maquinaria de \u00faltima generaci\u00f3n, y con un plantel de 400 trabajadores all\u00ed se fabricar\u00e1n ocho unidades diarias de transportes de pasajeros.<\/p>\n<p>Tambi\u00e9n recorri\u00f3 en el Parque Industrial la planta asf\u00e1ltica que desarroll\u00f3 la comuna para resolver la demanda hist\u00f3rica que tiene el distrito en relaci\u00f3n a la cantidad de calles que necesitan reparaci\u00f3n y pavimentaci\u00f3n, y que cont\u00f3 con un financiamiento de 68 millones de pesos como parte del programa \u00abMunicipios de pie\u00bb del Ministerio de Interior, a\u00f1adieron las fuentes.<\/p>\n<p>Posteriormente, en el centro cultural y comedor popular \u00abLa Chicharra\u00bb dialog\u00f3 con mujeres beneficiarias del Programa \u00abMi Pieza\u00bb, quienes le hicieron saber las problem\u00e1ticas que enfrentan.<\/p>\n<p>\u00abHay que decirles que no queremos volver atr\u00e1s al tiempo donde los d\u00f3lares se fugaban y nuestros bolsillos se vaciaban, al tiempo donde un jubilado ten\u00eda que elegir entre pagar sus medicamentos o pagar la tarifa de la luz\u00bb Alberto Fern\u00e1ndez<\/p>\n<p>Implementado por el Ministerio de Desarrollo Social, es un plan de asistencia econ\u00f3mica para mujeres de barrios populares que entrega entre 100 mil y 240 mil pesos para refacciones, mejoras o ampliaciones de viviendas.<\/p>\n<p>All\u00ed tambi\u00e9n charl\u00f3 con representantes de la red de mujeres v\u00edctimas de violencia de g\u00e9nero m\u00e1s importante de la zona, quienes le hicieron saber las problem\u00e1ticas que enfrentan.<\/p>\n<h6>Fuente: Telam<\/h6>\n","protected":false},"excerpt":{"rendered":"<p>El Presidente\u00a0recorri\u00f3 en el partido de Moreno empresas conducidas por mujeres en el Parque Industrial, mantuvo un encuentro con beneficiarias del Programa Mi Pieza y encabez\u00f3 un acto en el Teatro Roma.<\/p>\n","protected":false},"author":2,"featured_media":120387,"comment_status":"closed","ping_status":"closed","sticky":false,"template":"","format":"standard","meta":{"footnotes":""},"categories":[8],"tags":[21],"class_list":["post-120386","post","type-post","status-publish","format-standard","has-post-thumbnail","hentry","category-informe-nacional","tag-argentina"],"_links":{"self":[{"href":"http:\/\/argentinamunicipal.com.ar\/argentina\/wp-json\/wp\/v2\/posts\/120386","targetHints":{"allow":["GET"]}}],"collection":[{"href":"http:\/\/argentinamunicipal.com.ar\/argentina\/wp-json\/wp\/v2\/posts"}],"about":[{"href":"http:\/\/argentinamunicipal.com.ar\/argentina\/wp-json\/wp\/v2\/types\/post"}],"author":[{"embeddable":true,"href":"http:\/\/argentinamunicipal.com.ar\/argentina\/wp-json\/wp\/v2\/users\/2"}],"replies":[{"embeddable":true,"href":"http:\/\/argentinamunicipal.com.ar\/argentina\/wp-json\/wp\/v2\/comments?post=120386"}],"version-history":[{"count":0,"href":"http:\/\/argentinamunicipal.com.ar\/argentina\/wp-json\/wp\/v2\/posts\/120386\/revisions"}],"wp:featuredmedia":[{"embeddable":true,"href":"http:\/\/argentinamunicipal.com.ar\/argentina\/wp-json\/wp\/v2\/media\/120387"}],"wp:attachment":[{"href":"http:\/\/argentinamunicipal.com.ar\/argentina\/wp-json\/wp\/v2\/media?parent=120386"}],"wp:term":[{"taxonomy":"category","embeddable":true,"href":"http:\/\/argentinamunicipal.com.ar\/argentina\/wp-json\/wp\/v2\/categories?post=120386"},{"taxonomy":"post_tag","embeddable":true,"href":"http:\/\/argentinamunicipal.com.ar\/argentina\/wp-json\/wp\/v2\/tags?post=120386"}],"curies":[{"name":"wp","href":"https:\/\/api.w.org\/{rel}","templated":true}]}}