{"id":120421,"date":"2021-11-11T04:53:52","date_gmt":"2021-11-11T07:53:52","guid":{"rendered":"http:\/\/argentinamunicipal.com.ar\/argentina\/?p=120421"},"modified":"2021-11-10T19:56:38","modified_gmt":"2021-11-10T22:56:38","slug":"creamos-trabajo-queremos-derechos-movimientos-sociales-exponen-sus-producciones-en-plaza-de-mayo","status":"publish","type":"post","link":"http:\/\/argentinamunicipal.com.ar\/argentina\/creamos-trabajo-queremos-derechos-movimientos-sociales-exponen-sus-producciones-en-plaza-de-mayo\/","title":{"rendered":"\u201cCreamos trabajo, queremos derechos\u201d, movimientos sociales exponen sus producciones en Plaza de Mayo"},"content":{"rendered":"<p>M\u00e1s de un centenar de integrantes de unidades productivas que funcionan en organizaciones sociales montaron en Plaza de Mayo una exposici\u00f3n de sus producciones para visibilizar c\u00f3mo desde hace a\u00f1os fueron \u201ctransformando la pol\u00edtica estatal de planes sociales en trabajo digno\u201d y plantearle al Gobierno la necesidad de formalizar la situaci\u00f3n laboral del mill\u00f3n de personas que a diario activan la econom\u00eda popular.<\/p>\n<p>La muestra lleva el lema\u00a0\u201cCreamos trabajo, queremos derechos\u201d\u00a0y fue organizada por el Frente Popular Dar\u00edo Santill\u00e1n (FPDS) en respuesta a la iniciativa oficial de salida de los planes hacia la creaci\u00f3n de empleos genuinos.<\/p>\n<p>Con varios stands montados frente a Casa de Gobierno, la muestra re\u00fane las producciones y servicios que son puestas en marcha a diario por adultos y j\u00f3venes en distintos barrios populares, algunas iniciadas hace dos d\u00e9cadas como la bloquera en la que trabajaba Dar\u00edo Santill\u00e1n hasta ser asesinado en la Masacre de Avellaneda.<\/p>\n<p>Varios de esos emprendimientos fueron impulsados a partir de planes sociales gestados en su momento y por distintos gobiernos. Con el tiempo, muchos\u00a0crecieron y se consolidaron con un criterio comunitario y colectivista\u00a0pero, no obstante, la condici\u00f3n de quienes los llevan a cabo sigue al margen de la formalidad laboral.<\/p>\n<p><strong>Los planteos que se le hacen al Gobierno<\/strong><br \/>\nEn esta situaci\u00f3n se encuentran \u201cm\u00e1s de un mill\u00f3n\u201d de personas que son parte de los distintos movimientos sociales de todo el pa\u00eds, afirm\u00f3 el FPDS en un comunicado. Por eso, la exposici\u00f3n de hoy no solo se trata de darle visibilidad del trabajo sino tambi\u00e9n de demandarle al gobierno cuatro cuestiones clave que tienen que ver con derechos b\u00e1sicos y que fueron entregados formalmente en Casa Rosada.<\/p>\n<p>Una de ellas tiene que ver con el\u00a0monotributo social, el r\u00e9gimen de la Anses que promueve la inserci\u00f3n de emprendedores y por el que estos hacen un aporte para su jubilaci\u00f3n y tener una obra social. La clave ser\u00eda darle continuidad y ampliar ese derecho.<br \/>\n\u201cCon el\u00a0Potenciar Trabajo, el Estado cubre el monotributo social de un cuarto de los beneficiarios. Lo que planteamos es que hay que llegar a la totalidad de los trabajadores de las unidades productivas\u201d, puntualiz\u00f3\u00a0Esteban Marcioni, vocero del FPDS.<\/p>\n<p>El segundo de los ejes est\u00e1 atado al primero e involucra a la\u00a0Superitendencia de Salud: que las obras sociales acepten a los trabajadores de la econom\u00eda popular\u00a0a fin de que sean beneficiarios de la cobertura sanitaria que ofrecen.<\/p>\n<p>\u201cEs algo fundamental que nuestros compa\u00f1eros tengan una cobertura como cualquier trabajador. Hasta ahora hicimos acuerdos con varias obras sociales, pero lo logramos solo para el 10 por ciento de la totalidad. Por eso es importante el rol del Gobierno\u201d en este asunto, agreg\u00f3 Marcioni en di\u00e1logo con P\u00e1gina\/12.<\/p>\n<p>Otro de los ejes es el\u00a0reconocimiento formal de quienes realizan tareas en las distintas unidades de trabajo. Y es aqu\u00ed donde tambi\u00e9n entra a tallar el derecho a un salario digno, porque sus ingresos a trav\u00e9s de lo que otorga el Potenciar Trabajo es relativo.<br \/>\nPor ejemplo, en el \u00e1rea educativa, el monto promedio de ingreso que tienen docentes de jardines iniciales o bachilleratos populares ronda los 15 mil pesos. En cambio, hay otras \u00e1reas en que ese monto es mayor porque producen alg\u00fan bien o servicio que luego comercializan y hacen que el piso de ingreso suba en funci\u00f3n de las ventas.<\/p>\n<p>Como sea, \u201cson todos compa\u00f1eros que cumplen horarios y d\u00edas de trabajo, tienen francos y todos los requisitos que el sistema (formal) reclama; pero \u00bfpor qu\u00e9 no se los reconoce como trabajadores?\u201d, plante\u00f3 el vocero. Hacerlo, por lo menos implicar\u00eda una suba en sus ingresos por lo menos al valor del Salario M\u00ednimo Vital y M\u00f3vil, aunque este no llegue a cubrir la canasta b\u00e1sica.<\/p>\n<p>El cuarto eje, agreg\u00f3 Marcioni, es \u201cla necesidad de incorporar una l\u00f3gica de fomento para la econom\u00eda popular y abrir canales de comercializaci\u00f3n entre las unidades productivas y el Estado\u201d, con los bienes y servicios que estas ofrezcan.<br \/>\nEn momentos en que \u201clas multinacionales aprietan al Gobierno con el precio de los alimentos, qu\u00e9 mejor que dar la discusi\u00f3n de que la generaci\u00f3n de trabajo no implica pasar al sector privado sino tambi\u00e9n fortalecer a la econom\u00eda popular como un sector real de la econom\u00eda\u201d, indic\u00f3.<\/p>\n<p>\u201cDigan lo que digan, venimos trabajando a\u00fan sin un salario digno ni derechos. Por eso, es urgente que se garantice desde el Estado los derechos a los y las trabajadores que somos parte de los movimientos sociales\u201d, puntualiz\u00f3 el comunicado del FPDS.<\/p>\n<p><strong>Cu\u00e1les son los rubros en que hay producciones consolidadas<\/strong><br \/>\nSon varios los sectores en los que las unidades productivas se consolidaron a partir de la organizaci\u00f3n sostenida con planes y ayudas del Estado nacional, desde hace a\u00f1os.<\/p>\n<p>Algunos de los rubros en los que el Frente Popular Dar\u00edo Santill\u00e1n mostr\u00f3 en Plaza de Mayo fueron en la producci\u00f3n agr\u00edcola, donde \u201ccampesinos han logrado volver a producir alimento sano y saludable en sus tierras\u201d.<\/p>\n<p>En el \u00e1rea de la construcci\u00f3n, las cooperativas realizan tareas en barrios, por ejemplo, con la empresa estatal AYSA \u201chaciendo el tendido de ca\u00f1os para llevar agua potable casas por casa\u201d. Tambi\u00e9n en alianza con las municipalidades, construyendo veredas y haciendo obras en espacios comunitarios.<\/p>\n<p>Tambi\u00e9n en salud, con postas comunitarias como las que estuvieron en la primera l\u00ednea de los barrios en medio de la pandemia de Covid-19.<\/p>\n<p>En lo que respecta al\u00a0cuidado\u00a0y a la\u00a0educaci\u00f3n, se trabaja en espacios de ni\u00f1ez, adem\u00e1s de jardines iniciales y bachilleratos populares; y en el rubro textil se producen kit de salud para los hospitales p\u00fablicos o guardapolvos para las escuelas.<\/p>\n<p>En lo\u00a0comunitario, los comedores, merenderos y ollas populares dan cobertura alimentaria a los sectores m\u00e1s postergados. Y lo hacen junto con la producci\u00f3n de panificados que entregan pan gratis y los venden a precios por debajo del que ofrecen las panader\u00edas.<\/p>\n<h6>Fuente: P\u00e1gina 12<\/h6>\n","protected":false},"excerpt":{"rendered":"<p>M\u00e1s de un centenar de integrantes de unidades productivas que funcionan en organizaciones sociales montaron en Plaza de Mayo una exposici\u00f3n de sus producciones para visibilizar c\u00f3mo desde hace a\u00f1os fueron \u201ctransformando la pol\u00edtica estatal de planes sociales en trabajo digno\u201d<\/p>\n","protected":false},"author":2,"featured_media":120422,"comment_status":"closed","ping_status":"closed","sticky":false,"template":"","format":"standard","meta":{"footnotes":""},"categories":[8],"tags":[21],"class_list":["post-120421","post","type-post","status-publish","format-standard","has-post-thumbnail","hentry","category-informe-nacional","tag-argentina"],"_links":{"self":[{"href":"http:\/\/argentinamunicipal.com.ar\/argentina\/wp-json\/wp\/v2\/posts\/120421","targetHints":{"allow":["GET"]}}],"collection":[{"href":"http:\/\/argentinamunicipal.com.ar\/argentina\/wp-json\/wp\/v2\/posts"}],"about":[{"href":"http:\/\/argentinamunicipal.com.ar\/argentina\/wp-json\/wp\/v2\/types\/post"}],"author":[{"embeddable":true,"href":"http:\/\/argentinamunicipal.com.ar\/argentina\/wp-json\/wp\/v2\/users\/2"}],"replies":[{"embeddable":true,"href":"http:\/\/argentinamunicipal.com.ar\/argentina\/wp-json\/wp\/v2\/comments?post=120421"}],"version-history":[{"count":0,"href":"http:\/\/argentinamunicipal.com.ar\/argentina\/wp-json\/wp\/v2\/posts\/120421\/revisions"}],"wp:featuredmedia":[{"embeddable":true,"href":"http:\/\/argentinamunicipal.com.ar\/argentina\/wp-json\/wp\/v2\/media\/120422"}],"wp:attachment":[{"href":"http:\/\/argentinamunicipal.com.ar\/argentina\/wp-json\/wp\/v2\/media?parent=120421"}],"wp:term":[{"taxonomy":"category","embeddable":true,"href":"http:\/\/argentinamunicipal.com.ar\/argentina\/wp-json\/wp\/v2\/categories?post=120421"},{"taxonomy":"post_tag","embeddable":true,"href":"http:\/\/argentinamunicipal.com.ar\/argentina\/wp-json\/wp\/v2\/tags?post=120421"}],"curies":[{"name":"wp","href":"https:\/\/api.w.org\/{rel}","templated":true}]}}