{"id":120436,"date":"2021-11-11T05:19:27","date_gmt":"2021-11-11T08:19:27","guid":{"rendered":"http:\/\/argentinamunicipal.com.ar\/argentina\/?p=120436"},"modified":"2021-11-10T20:20:57","modified_gmt":"2021-11-10T23:20:57","slug":"por-un-reclamo-gremial-la-municipalidad-de-san-carlos-centro-esta-cerrada-desde-el-viernes","status":"publish","type":"post","link":"http:\/\/argentinamunicipal.com.ar\/argentina\/por-un-reclamo-gremial-la-municipalidad-de-san-carlos-centro-esta-cerrada-desde-el-viernes\/","title":{"rendered":"Por un reclamo gremial, la municipalidad de San Carlos Centro est\u00e1 cerrada desde el viernes"},"content":{"rendered":"<p>Trabajadores municipales se encuentran cortando el acceso a todas las dependencias municipales de la ciudad. Es a ra\u00edz de un conflicto por el cesanteo de tres empleados.<\/p>\n<p>Luego de un conflicto por tres empleados cesanteados, trabajadores municipales de San Carlos Centro decidieron manifestarse frente a la Municipalidad . El reclamos es acompa\u00f1ado por la Federaci\u00f3n de Trabajadores Municipales (Festram). La medida afecta a todas las dependencias p\u00fablicas del municipio.<br \/>\nActualmente son entre 50 y 60 personas las presentes en el reclamos.\u00a0En el lugar hay puestas cadenas, candados y hasta planchuelas con bulones para impedir el paso.<br \/>\nEn di\u00e1logo con LT10, el intendente de la ciudad Juan Jos\u00e9 Placenzotti manifest\u00f3: \u00abtenemos tomada de manera ilegal y por la fuerza la ciudad y las distintas dependencias municipales por un grupo de 15 empleados acompa\u00f1ado por 50 o 60 personas de otras localidades\u00bb<\/p>\n<p>Seg\u00fan dijo, \u00abest\u00e1n impidiendo por la fuerza y de manera violenta el ingreso a prestar los servicio de los otros 115 trabajadores de la Municipalidad que no pueden desarrollar sus tareas, inclusive la administraci\u00f3n\u00bb.<\/p>\n<p>Entre las dependencias municipales afectadas por la medida se encuentran sedes como el corral\u00f3n municipal o el Centro de Encuentro y Terapia (CET) para la atenci\u00f3n y educaci\u00f3n de personas con discapacidad, entre otras.<\/p>\n<p>\u00abNo hay ning\u00fan motivo valedero para esta medida de fuerza. Ellos se escudan en dos temas puntuales: uno es la incorporaci\u00f3n de tres extrabajadores que fueron cesanteados con los tr\u00e1mites correspondientes. Luego estos tres exagentes acudieron a la justicia, la que hace 20 d\u00edas atr\u00e1s fall\u00f3 a favor del municipio. La ley estableci\u00f3 eso y nosotros somos respetuosos de ello. Si no estar\u00eda violando los deberes de funcionario p\u00fablico\u00bb, continu\u00f3 el intendente de San Carlos Centro.<\/p>\n<p>Con respecto a otro de los planteos, vinculado a una mala liquidaci\u00f3n en los valores de los recibos de sueldo, dijo: \u00abUna constancia en la Secretar\u00eda de Trabajo deja en claro que esta es la manera correcta de hacerlo por lo que no entendemos que los dos reclamos no tienen ning\u00fan tipo de asidero\u00bb, afirm\u00f3 Placenzotti al respecto.<\/p>\n<h6>Fuente: Uno<\/h6>\n","protected":false},"excerpt":{"rendered":"<p>Trabajadores municipales se encuentran cortando el acceso a todas las dependencias municipales de la ciudad. Es a ra\u00edz de un conflicto por el cesanteo de tres empleados<\/p>\n","protected":false},"author":2,"featured_media":120437,"comment_status":"closed","ping_status":"closed","sticky":false,"template":"","format":"standard","meta":{"footnotes":""},"categories":[7],"tags":[10],"class_list":["post-120436","post","type-post","status-publish","format-standard","has-post-thumbnail","hentry","category-informe-sindical","tag-santa-fe"],"_links":{"self":[{"href":"http:\/\/argentinamunicipal.com.ar\/argentina\/wp-json\/wp\/v2\/posts\/120436","targetHints":{"allow":["GET"]}}],"collection":[{"href":"http:\/\/argentinamunicipal.com.ar\/argentina\/wp-json\/wp\/v2\/posts"}],"about":[{"href":"http:\/\/argentinamunicipal.com.ar\/argentina\/wp-json\/wp\/v2\/types\/post"}],"author":[{"embeddable":true,"href":"http:\/\/argentinamunicipal.com.ar\/argentina\/wp-json\/wp\/v2\/users\/2"}],"replies":[{"embeddable":true,"href":"http:\/\/argentinamunicipal.com.ar\/argentina\/wp-json\/wp\/v2\/comments?post=120436"}],"version-history":[{"count":0,"href":"http:\/\/argentinamunicipal.com.ar\/argentina\/wp-json\/wp\/v2\/posts\/120436\/revisions"}],"wp:featuredmedia":[{"embeddable":true,"href":"http:\/\/argentinamunicipal.com.ar\/argentina\/wp-json\/wp\/v2\/media\/120437"}],"wp:attachment":[{"href":"http:\/\/argentinamunicipal.com.ar\/argentina\/wp-json\/wp\/v2\/media?parent=120436"}],"wp:term":[{"taxonomy":"category","embeddable":true,"href":"http:\/\/argentinamunicipal.com.ar\/argentina\/wp-json\/wp\/v2\/categories?post=120436"},{"taxonomy":"post_tag","embeddable":true,"href":"http:\/\/argentinamunicipal.com.ar\/argentina\/wp-json\/wp\/v2\/tags?post=120436"}],"curies":[{"name":"wp","href":"https:\/\/api.w.org\/{rel}","templated":true}]}}