{"id":120451,"date":"2021-11-12T05:00:22","date_gmt":"2021-11-12T08:00:22","guid":{"rendered":"http:\/\/argentinamunicipal.com.ar\/argentina\/?p=120451"},"modified":"2021-11-11T19:29:46","modified_gmt":"2021-11-11T22:29:46","slug":"fuerte-movida-para-lograr-que-arequito-sea-declarada-ciudad","status":"publish","type":"post","link":"http:\/\/argentinamunicipal.com.ar\/argentina\/fuerte-movida-para-lograr-que-arequito-sea-declarada-ciudad\/","title":{"rendered":"Fuerte movida para lograr que Arequito sea declarada ciudad"},"content":{"rendered":"<p>El proyecto ya cuenta con media sanci\u00f3n en Senadores, pero podr\u00eda perder estado parlamentario si la C\u00e1mara Baja no lo trata este mes para convertirlo en ley. Representantes de la comunidad prev\u00e9n reunirse con presidentes de bloque para acelerar la aprobaci\u00f3n de la iniciativa<\/p>\n<p>Un proyecto de ley para que la localidad de Arequito adquiera el rango de ciudad y que ya cuenta con media sanci\u00f3n en Senadores podr\u00eda perder estado parlamentario si no es tratado en el transcurso de este mes por la C\u00e1mara de Diputados.<br \/>\nLa situaci\u00f3n genera incertidumbre y preocupaci\u00f3n en un amplio sector de la comunidad\u00a0que no solo acompa\u00f1a la iniciativa sino que busca fortalecer la capacidad de lobby para lograr que sea sancionada por la Legislatura provincial.<\/p>\n<p>Representantes de instituciones, empresarios, comerciantes, productores y vecinos se reunieron en la Biblioteca Popular Bartolom\u00e9 Mitre donde coincidieron en redoblar esfuerzos en pro de ese objetivo com\u00fan que consideran clave para el crecimiento de la comunidad.<\/p>\n<p>Y desde esa mirada\u00a0redactaron y suscribieron una nota\u00a0que\u00a0sigue sumando firmas y\u00a0ser\u00e1 elevada,\u00a0despu\u00e9s de las elecciones del pr\u00f3ximo domingo,\u00a0a la jefa comunal, Paola Forcada, para que se ponga a la cabeza del planteo\u00a0con el que se intenta evitar que el proyecto en cuesti\u00f3n se caiga sino es tratado en tiempo y forma, antes del 30 de noviembre, en Diputados.<\/p>\n<p>Aunque la iniciativa ya obtuvo dictamen de mayor\u00eda en las comisiones de Asuntos Comunales, de Presupuesto y Hacienda y de Asuntos Constitucionales, la preocupaci\u00f3n radica en que a\u00fan no ingres\u00f3 al recinto parlamentario para su tratamiento y los tiempos se acortan.<\/p>\n<p>As\u00ed lo explic\u00f3 durante el encuentro el ex miembro de la comisi\u00f3n comunal de Arequito, Gabriel Bustamante, quien fue el impulsor del proyecto que finalmente present\u00f3 el senador por Caseros, Eduardo Rosconi, y\u00a0result\u00f3 aprobado el 17 de noviembre de 2019 para luego recalar en la C\u00e1mara Baja donde el viernes se cumplir\u00e1 exactamente dos a\u00f1os sin resoluci\u00f3n\u00a0al respecto.<\/p>\n<p>\u201cSolo resta el \u00faltimo paso, que es el tratamiento del proyecto, pero\u00a0lo que juega en contra es el tiempo ya que de no tratarse \u00e9ste a\u00f1o perder\u00e1 estado parlamentario\u201d, explic\u00f3 Bustamante a La Capital.<\/p>\n<p>En esa direcci\u00f3n destac\u00f3 el inter\u00e9s y acompa\u00f1amiento de \u201clos distintos sectores de la comunidad que\u00a0coincidieron en que ser\u00e1 muy beneficioso para Arequito ser declarada ciudad, ya que implicar\u00e1 mayores recursos presupuestarios\u00a0al a\u00f1o que redundar\u00e1n en desarrollo de infraestructura y crecimiento\u201d.<\/p>\n<p>\u201cDe obtener ese estatus _a\u00f1adi\u00f3_,\u00a0nuestro pueblo se convertir\u00eda en el segundo municipio del departamento Caseros despu\u00e9s de Casilda\u00a0y ello tambi\u00e9n abrir\u00eda las puertas para la creaci\u00f3n del un Consejo Municipal, ampliando de esa manera la discusi\u00f3n democr\u00e1tica y el eje de poder pol\u00edtico\u201d.<\/p>\n<p>Bustamante, asegur\u00f3 que \u201cla jefa comunal tambi\u00e9n est\u00e1 de acuerdo y seguramente la nota de adhesi\u00f3n al proyecto que se resolvi\u00f3 enviarle en los pr\u00f3ximas d\u00edas ser\u00e1 un respaldo muy importante\u00a0para reclamar a los legisladores que den curso favorable a la declaraci\u00f3n como ciudad\u201d.<\/p>\n<p>Dijo que la idea \u201ces\u00a0armar una suerte de c\u00f3nclave con representantes de la comunidad para viajar a Santa Fe y hablar con los distintos presidentes de bloque a fin de lograr lo que estamos buscando\u00a0y confiamos en que podemos lograrlo ya que hay precedentes de otros localidades que ya fueron declaradas ciudad, incluso sin reunir los fundamentos de Arequito\u201d, cuya localidad ostenta el t\u00edtulo de capital nacional de la soja.<\/p>\n<p>En tal sentido, sostuvo que\u00a0Arequito, donde se estima que viven m\u00e1s de 8 mil habitantes, \u201ccuenta con condiciones suficientes para ser ciudad\u00a0fuerte, especialmente por su impulso industrial vinculado a la actividad agr\u00edcola y ser\u00a0una de las localidades del sur santafesino que m\u00e1s recursos aporta a las arcas de los gobiernos provinciales y nacional\u00a0\u201d.<\/p>\n<p>Si bien Bustamente admiti\u00f3 que \u201c\u00a0un sector minoritario plantea que con este hecho hist\u00f3rico crecer\u00e1 el gasto pol\u00edtico en la localidad, pero la verdad es que eso resultar\u00eda insignificante en comparaci\u00f3n con el aumento de recursos\u00a0que recibir\u00edamos en concepto de coparticipaci\u00f3n\u201d.<\/p>\n<p>\u201cAs\u00ed _culmin\u00f3_ lo demuestra el antecedente de otras poblaciones, como por ejemplo\u00a0Suardi\u00a0, que es similar a Arequito y\u00a0al ser declarada ciudad en 2018 su presupuesto se duplic\u00f3 en relaci\u00f3n a lo que percibe nuestro pueblo\u00a0\u201d.<\/p>\n<h6>Fuente: La Capital<\/h6>\n","protected":false},"excerpt":{"rendered":"<p>Representantes de la comunidad prev\u00e9n reunirse con presidentes de bloque para acelerar la aprobaci\u00f3n de la iniciativa<\/p>\n","protected":false},"author":2,"featured_media":120452,"comment_status":"closed","ping_status":"closed","sticky":false,"template":"","format":"standard","meta":{"footnotes":""},"categories":[2],"tags":[10],"class_list":["post-120451","post","type-post","status-publish","format-standard","has-post-thumbnail","hentry","category-informe-municipal","tag-santa-fe"],"_links":{"self":[{"href":"http:\/\/argentinamunicipal.com.ar\/argentina\/wp-json\/wp\/v2\/posts\/120451","targetHints":{"allow":["GET"]}}],"collection":[{"href":"http:\/\/argentinamunicipal.com.ar\/argentina\/wp-json\/wp\/v2\/posts"}],"about":[{"href":"http:\/\/argentinamunicipal.com.ar\/argentina\/wp-json\/wp\/v2\/types\/post"}],"author":[{"embeddable":true,"href":"http:\/\/argentinamunicipal.com.ar\/argentina\/wp-json\/wp\/v2\/users\/2"}],"replies":[{"embeddable":true,"href":"http:\/\/argentinamunicipal.com.ar\/argentina\/wp-json\/wp\/v2\/comments?post=120451"}],"version-history":[{"count":0,"href":"http:\/\/argentinamunicipal.com.ar\/argentina\/wp-json\/wp\/v2\/posts\/120451\/revisions"}],"wp:featuredmedia":[{"embeddable":true,"href":"http:\/\/argentinamunicipal.com.ar\/argentina\/wp-json\/wp\/v2\/media\/120452"}],"wp:attachment":[{"href":"http:\/\/argentinamunicipal.com.ar\/argentina\/wp-json\/wp\/v2\/media?parent=120451"}],"wp:term":[{"taxonomy":"category","embeddable":true,"href":"http:\/\/argentinamunicipal.com.ar\/argentina\/wp-json\/wp\/v2\/categories?post=120451"},{"taxonomy":"post_tag","embeddable":true,"href":"http:\/\/argentinamunicipal.com.ar\/argentina\/wp-json\/wp\/v2\/tags?post=120451"}],"curies":[{"name":"wp","href":"https:\/\/api.w.org\/{rel}","templated":true}]}}