{"id":120454,"date":"2021-11-12T05:31:14","date_gmt":"2021-11-12T08:31:14","guid":{"rendered":"http:\/\/argentinamunicipal.com.ar\/argentina\/?p=120454"},"modified":"2021-11-11T19:32:55","modified_gmt":"2021-11-11T22:32:55","slug":"la-cgt-consagro-al-triunvirato-e-ingresaron-a-la-conduccion-la-uom-bancarios-y-mecanicos","status":"publish","type":"post","link":"http:\/\/argentinamunicipal.com.ar\/argentina\/la-cgt-consagro-al-triunvirato-e-ingresaron-a-la-conduccion-la-uom-bancarios-y-mecanicos\/","title":{"rendered":"La CGT consagr\u00f3 al triunvirato, e ingresaron a la conducci\u00f3n la UOM, bancarios y mec\u00e1nicos"},"content":{"rendered":"<p>El Congreso Nacional Ordinario de la central obrera constituy\u00f3 a la nueva conducci\u00f3n de la central obrera durante los pr\u00f3ximos cuatro a\u00f1os.<\/p>\n<p>El Congreso Nacional Ordinario de la CGT consagr\u00f3, por el 98% de los votos, al triunvirato de conducci\u00f3n para los pr\u00f3ximos cuatro a\u00f1os, que integran H\u00e9ctor Daer, Carlos Acu\u00f1a y Pablo Moyano, a la vez que se pronunci\u00f3 por \u00abla necesidad de volver al trabajo como el gran ordenador social\u00bb de la vida nacional y en contra del \u00abneoliberalismo\u00bb.<\/p>\n<p>La declaraci\u00f3n final del Congreso, del que\u00a0participaron m\u00e1s de 1.800 congresales nacionales, convoc\u00f3 a luchar contra \u00ablos sue\u00f1os neoliberales de destruir los derechos socio-laborales y sindicales\u00bb y llam\u00f3 a rescatar el trabajo para \u00abuna vida digna\u00bb.<\/p>\n<p>\u00abLa inflaci\u00f3n debilita el poder de compra de ocupados, desocupados y jubilados. El empobrecimiento de la mayor\u00eda de los asalariados formales e informales es indisimulable, y alcanz\u00f3 sobre el consumo situaciones l\u00edmite impensadas.\u00a0En cuatro a\u00f1os, un gobierno neoliberal destruy\u00f3 el aparato productivo\u00bb, afirm\u00f3 la CGT.<\/p>\n<p>El documento a\u00f1adi\u00f3 que ello ocurri\u00f3 en el contexto de \u00abuna fiesta para la especulaci\u00f3n financiera y de endeudamiento sistem\u00e1tico, a lo que se sum\u00f3 dos a\u00f1os de pandemia, lo que degrad\u00f3 el tejido social de la Argentina a un nivel verdaderamente irreconocible\u00bb.<\/p>\n<p>\u00abHay que construir una Patria libre, justa y soberana desde los cimientos, que fue ejemplo en el mundo y abanderada del continente en salud, educaci\u00f3n, seguridad social y derechos laborales. Y esa tarea debe comenzar por el trabajo\u00bb, asegur\u00f3.<\/p>\n<p>La CGT a\u00f1adi\u00f3 que \u00abes preciso que termine la ilegalidad y precarizaci\u00f3n laboral en la que est\u00e1 gran parte de los trabajadores\u00bb, y sostuvo que enfrentar\u00e1 a quienes pretendan \u00abdebilitar al movimiento sindical y destruir la legislaci\u00f3n protectora laboral\u00bb, a la vez que ratific\u00f3 que prioriz\u00f3 \u00abla unidad sindical\u00bb en aras de desarrollo, trabajo y producci\u00f3n.<\/p>\n<p>Esta ma\u00f1ana,\u00a0el Congreso Extraordinario aprob\u00f3 la reforma del Estatuto de la central para cumplir con la Ley de Cupo Femenino e incorporar un 30 por ciento de mujeres, para lo cual ampli\u00f3 las secretar\u00edas de 25 a 36, en \u00abun contexto de unidad con todos los sectores del movimiento obrero y garantizando igualdad y paridad de g\u00e9nero, porque la mujer debe participar en los debates y en los lugares de decisi\u00f3n\u00bb, afirm\u00f3 Daer.<\/p>\n<p>\u00abEste Congreso eligi\u00f3 a los mejores hombres y mujeres para llevar a buen puerto la gesti\u00f3n de la CGT durante cuatro a\u00f1os, y todos desean que ello se produzca en ausencia definitiva de la grave pandemia de coronavirus. El movimiento obrero debe ser protagonista en la vida de la Naci\u00f3n y en la adopci\u00f3n de las decisiones\u00bb, afirm\u00f3.<\/p>\n<p>Por su parte, el metal\u00fargico\u00a0Antonio Cal\u00f3\u00a0se\u00f1al\u00f3 su\u00a0\u00absatisfacci\u00f3n por el resultado del congreso independientemente de las pretensiones personales\u00bb, ya que aspiraba a ocupar un cargo en el triunvirato por el sector industrial; transmiti\u00f3 su \u00abtotal respaldo al Gobierno\u00bb y se pronunci\u00f3 contra cualquier intento de flexibilizaci\u00f3n laboral.<\/p>\n<p>\u00abUno de los desaf\u00edos y de los temas m\u00e1s importantes para la futura gesti\u00f3n de la CGT ser\u00e1 la lucha contra cualquier intento de reforma laboral\u00bb, asegur\u00f3 el dirigente.<\/p>\n<p>El flamante cosecretario general,\u00a0Pablo Moyano, se pronunci\u00f3 por la necesidad de que la nueva conducci\u00f3n de la central obrera\u00a0luche de forma permanente contra \u00abla derecha recalcitrante que quiere volver al Gobierno para cercenar derechos\u00bb\u00a0y convoc\u00f3 al pueblo a votar masivamente el domingo pr\u00f3ximo por el peronismo.<\/p>\n<p>Tambi\u00e9n sostuvo que en breve la nueva conducci\u00f3n cegetista presentar\u00e1 en el Parlamento un proyecto de ley para que ning\u00fan trabajador contin\u00fae pagando el impuesto a las Ganancias, porque \u00abel salario de ninguna manera es ganancia\u00bb.<\/p>\n<p>Sergio Romero, titular de la Uni\u00f3n Docentes Argentinos (UDA) -quien retuvo la secretar\u00eda de Pol\u00edticas Educativas- dijo a T\u00e9lam que \u00abes fundamental y necesaria la unidad ante estos dif\u00edciles momentos de la vida nacional para resguardar las conquistas y sostener el modelo sindical, generar empleo digno y mantener los de los ocupados\u00bb.<\/p>\n<p>\u00abPara ello\u00a0la CGT debe estar unida y organizada\u00a0y tiene una gran responsabilidad en esa tarea. Ser\u00e1 garante de la democracia y de los derechos de los trabajadores\u00bb, dijo.<\/p>\n<p>Por otra parte, el titular de la Asociaci\u00f3n de Pilotos de L\u00edneas A\u00e9reas (APLA),\u00a0Pablo Biro, asegur\u00f3 que respalda \u00aben un todo y completamente\u00bb a la nueva conducci\u00f3n de la central obrera y tambi\u00e9n se pronunci\u00f3 contra los intentos de reforma laboral.<\/p>\n<p>Los congresales consagraron a Cal\u00f3 y al mec\u00e1nico Mario Manrique en las secretar\u00edas de Interior y Gremial; Jos\u00e9 Gonz\u00e1lez (comercio) reemplazar\u00e1 al hist\u00f3rico Armando Cavalieri en Relaciones Institucionales; Jorge Sola (Seguro) continuar\u00e1 en Prensa y Comunicaci\u00f3n; el sindicato de maestranza en Seguridad Social; el de espect\u00e1culos p\u00fablicos en Cultura y el de televisi\u00f3n (Satsaid) en Ciencia y Tecnolog\u00eda.<\/p>\n<p>La Administrativa corresponder\u00e1 a la Asociaci\u00f3n Bancaria (Sergio Palazzo); la de Vivienda al ferroviario Sergio Sasia y la de Acci\u00f3n Social a Jos\u00e9 Luis Lingeri (Obras Sanitarias), en tanto la de Actas ser\u00e1 del sindicato de cerveceros; Gast\u00f3n Frutos continuar\u00e1 en la de Finanzas por panaderos y Julio Piumato en Derechos Humanos.<\/p>\n<p>Gerardo Mart\u00ednez ratific\u00f3 su liderazgo en la de Relaciones Internacionales; en Igualdad de Oportunidades ir\u00e1 No\u00e9 Ruiz; en G\u00e9nero Graciela Ale\u00f1\u00e1 y en Asuntos Legislativos Norberto Di Pr\u00f3spero, y la de Empleo ser\u00e1 para Juan Carlos Schmid, que volvi\u00f3 a CGT.<\/p>\n<p>La de Juventud ser\u00e1 ocupada por Sebasti\u00e1n Maturano; la de Medio Ambiente poor la UTA; la de Pol\u00edticas Educativas ser\u00e1 para el titular de la UDA, Sergio Romero, y continuar\u00e1 en la de Industria y Producci\u00f3n Rodolfo Daer, del gremio de alimentaci\u00f3n.<\/p>\n<p>Juan Pablo Brey ser\u00e1 el nuevo secretario de Deportes; Pablo Flores (impositivos) ocupar\u00e1 la de Derecho del Consumidor; Amadeo Genta la de Asuntos Municipales; Guillermo Moser la de Asuntos Energ\u00e9ticos; Innovaci\u00f3n y Futuro del Trabajo ser\u00e1 para un hombre de Utedyc, y Salud Laboral para el sindicato del Vidrio.<\/p>\n<p>La Corriente Federal de Trabajadores (CFT) logr\u00f3 varios cargos para bancarios, televisi\u00f3n, docentes privados -que ocupar\u00e1n una vocal\u00eda-, el personal superior de la energ\u00eda y farmacia, en tanto Walter Correa, titular del Sindicato de Obreros Curtidores (SOC) y diputado nacional del Frente de Todos (FdT) ir\u00e1 a la Comisi\u00f3n Arbitral.<\/p>\n<h6>Fuente: Telam<\/h6>\n","protected":false},"excerpt":{"rendered":"<p>El Congreso Nacional Ordinario de la central obrera constituy\u00f3 a la nueva conducci\u00f3n de la central obrera durante los pr\u00f3ximos cuatro a\u00f1os.\u00a0<\/p>\n","protected":false},"author":2,"featured_media":120455,"comment_status":"closed","ping_status":"closed","sticky":false,"template":"","format":"standard","meta":{"footnotes":""},"categories":[8],"tags":[21],"class_list":["post-120454","post","type-post","status-publish","format-standard","has-post-thumbnail","hentry","category-informe-nacional","tag-argentina"],"_links":{"self":[{"href":"http:\/\/argentinamunicipal.com.ar\/argentina\/wp-json\/wp\/v2\/posts\/120454","targetHints":{"allow":["GET"]}}],"collection":[{"href":"http:\/\/argentinamunicipal.com.ar\/argentina\/wp-json\/wp\/v2\/posts"}],"about":[{"href":"http:\/\/argentinamunicipal.com.ar\/argentina\/wp-json\/wp\/v2\/types\/post"}],"author":[{"embeddable":true,"href":"http:\/\/argentinamunicipal.com.ar\/argentina\/wp-json\/wp\/v2\/users\/2"}],"replies":[{"embeddable":true,"href":"http:\/\/argentinamunicipal.com.ar\/argentina\/wp-json\/wp\/v2\/comments?post=120454"}],"version-history":[{"count":0,"href":"http:\/\/argentinamunicipal.com.ar\/argentina\/wp-json\/wp\/v2\/posts\/120454\/revisions"}],"wp:featuredmedia":[{"embeddable":true,"href":"http:\/\/argentinamunicipal.com.ar\/argentina\/wp-json\/wp\/v2\/media\/120455"}],"wp:attachment":[{"href":"http:\/\/argentinamunicipal.com.ar\/argentina\/wp-json\/wp\/v2\/media?parent=120454"}],"wp:term":[{"taxonomy":"category","embeddable":true,"href":"http:\/\/argentinamunicipal.com.ar\/argentina\/wp-json\/wp\/v2\/categories?post=120454"},{"taxonomy":"post_tag","embeddable":true,"href":"http:\/\/argentinamunicipal.com.ar\/argentina\/wp-json\/wp\/v2\/tags?post=120454"}],"curies":[{"name":"wp","href":"https:\/\/api.w.org\/{rel}","templated":true}]}}