{"id":120460,"date":"2021-11-12T05:35:08","date_gmt":"2021-11-12T08:35:08","guid":{"rendered":"http:\/\/argentinamunicipal.com.ar\/argentina\/?p=120460"},"modified":"2021-11-11T19:43:04","modified_gmt":"2021-11-11T22:43:04","slug":"jovenes-de-todo-el-pais-piden-ser-escuchados-para-el-diseno-de-politicas-publicas","status":"publish","type":"post","link":"http:\/\/argentinamunicipal.com.ar\/argentina\/jovenes-de-todo-el-pais-piden-ser-escuchados-para-el-diseno-de-politicas-publicas\/","title":{"rendered":"J\u00f3venes de todo el pa\u00eds piden ser escuchados para el dise\u00f1o de pol\u00edticas p\u00fablicas"},"content":{"rendered":"<p>El reclamo surgi\u00f3 en\u00a0\u00a0la sexta reuni\u00f3n del Consejo Consultivo de Adolescentes, que depende de la Secretar\u00eda Nacional de Ni\u00f1ez, Adolescencia y Familia (Senaf), en el Ministerion de Desarrollo Social.<\/p>\n<p>J\u00f3venes de entre 13 y 17 a\u00f1os de todo el pa\u00eds resaltaron la importancia de que sus voces sean escuchadas y tomadas en cuenta para el dise\u00f1o de pol\u00edticas p\u00fablicas en materia de educaci\u00f3n, salud, trabajo y participaci\u00f3n pol\u00edtica de la juventud, en el marco de la sexta reuni\u00f3n del Consejo Consultivo de Adolescentes, que depende de la Secretar\u00eda Nacional de Ni\u00f1ez, Adolescencia y Familia (Senaf).<\/p>\n<p>Se trata de un espacio de participaci\u00f3n, consulta y di\u00e1logo intergeneracional creado en el 2020 por la Senaf, organismo dependiente del Ministerio de Desarrollo Social de la Naci\u00f3n.<\/p>\n<p>Para su conformaci\u00f3n,\u00a0un total de 48 adolescentes de entre 13 y 17 a\u00f1os de todas las jurisdicciones del pa\u00eds son elegidos en funci\u00f3n de garantizar diversidad de g\u00e9neros autopercibidos;\u00a0representaci\u00f3n de las 24 jurisdicciones;\u00a0consejos provinciales;\u00a0pueblos originarios; discapacidad; dispositivos convivenciales;\u00a0dispositivos penales; centros de estudiantes; y organizaciones sociales y culturales.<\/p>\n<p>\u00abEl Consejo cumple el rol de visibilizar las problem\u00e1ticas de los j\u00f3venes del pa\u00eds que muchas veces nadie ve y demuestra que detr\u00e1s de las estad\u00edsticas que se lanzan sobre infancias y adolescencias hay personas\u00bb, expres\u00f3 en di\u00e1logo con T\u00e9lam una de las consejeras,\u00a0Tiziana Fern\u00e1ndez.<\/p>\n<p>Oriunda de la localidad chaque\u00f1a de Barranqueras, Tiziana (18) participa en diversos proyectos solidarios, especialmente ligados a educaci\u00f3n, y fue seleccionada el a\u00f1o pasado para formar parte del Consejo de Adolescentes.<\/p>\n<p>\u00abLo que m\u00e1s destaco es la impresionante diversidad de los adolescentes que lo conforman\u00bb, dijo la joven y asegur\u00f3 que \u00abno hay mejor forma de contribuir a la democracia que con diversidad de voces e ideas\u00bb.<\/p>\n<p>Luego de mantener reuniones virtuales desde el 2020, consejeros y autoridades nacionales se reunieron presencialmente por primera vez a fines de octubre en el Espacio de Promoci\u00f3n de Derechos Centro Garrig\u00f3s, en la Ciudad de Buenos Aires.<\/p>\n<p>\u00abEl lugar que se eligi\u00f3 tiene una importancia sublime, dir\u00eda yo, para defender los derechos de los j\u00f3venes\u00bb,\u00a0coment\u00f3 la consejera, al referirse a ese espacio pensado para el acompa\u00f1amiento social y la protecci\u00f3n de ni\u00f1os, ni\u00f1as y adolescentes.<\/p>\n<p>En el encuentro presencial, los representantes juveniles trazaron cinco ejes de acci\u00f3n: educaci\u00f3n, salud, participaci\u00f3n pol\u00edtica y ciudadana, minor\u00edas y trabajo joven.<\/p>\n<p>En este sentido, destacaron la necesidad de una educaci\u00f3n m\u00e1s inclusiva e involucrada con la educaci\u00f3n sexual integral (ESI); el acompa\u00f1amiento al proyecto de vida en los procesos de egreso; la implementaci\u00f3n de la Ley de Centros de Estudiantes; los derechos sexuales y reproductivos y de las personas con discapacidad; el cuidado de la salud mental y los consumos problem\u00e1ticos; y el cese de los abusos de autoridad que padecen como adolescentes.<\/p>\n<p>Tambi\u00e9n resaltaron la importancia de promover la participaci\u00f3n pol\u00edtica de los j\u00f3venes que debe ser utilizada \u00abpara poder visibilizar nuestra perspectiva que tambi\u00e9n vale\u00bb.<\/p>\n<p>\u00abEstos ejes son sumamente relevantes y creo que representan a la mayor\u00eda de los j\u00f3venes del pa\u00eds por la pluralidad de voces\u00bb, manifest\u00f3 Tiziana y estim\u00f3 que estos aportes\u00a0\u00abser\u00e1n fundamentales en materia de pol\u00edtica joven\u00bb.<\/p>\n<p>Al respecto, el titular de la Senaf,\u00a0Gabriel Lerner,\u00a0asegur\u00f3 que el marco normativo nacional e internacional\u00a0\u00abreconoce el derecho de los ni\u00f1os y adolescentes a ser escuchados y a participar en los diferentes \u00e1mbitos sociales, pol\u00edticos, comunitarios, familiares, deportivos, entre otros\u00bb.<\/p>\n<p>A pesar de que en Argentina \u00abhay un alto grado de participaci\u00f3n de los chicos y chicas\u00bb, se\u00f1al\u00f3 sin embargo que en general tienen \u00abpocos cauces para que sus demandas y propuestas sean canalizadas y reconocidas en pol\u00edticas p\u00fablicas\u00bb.<\/p>\n<p>De all\u00ed la creaci\u00f3n de este instrumento estatal, que busca ser un espacio de asesoramiento e intercambio, para incorporar los aportes de las adolescencias a la construcci\u00f3n de pol\u00edticas p\u00fablicas desde la Senaf.<\/p>\n<p>En los encuentros,\u00a0\u00abcada consejero lleva las problem\u00e1ticas que creemos m\u00e1s urgentes, las que vemos d\u00eda a d\u00eda en nuestros territorios\u00bb,\u00a0coment\u00f3 por su parte Esperanza Paciaroni (16).<\/p>\n<p>Esperanza es una de las titulares de la Provincia de Buenos Aires y forma parte del Frente por la Dignidad Jos\u00e9 Paulete, una organizaci\u00f3n que trabaja por el reconocimiento y la inclusi\u00f3n real de las personas con discapacidad en todos los \u00e1mbitos de la vida.<\/p>\n<p>\u00abComo consejera y persona con discapacidad mi objetivo es llevar la voz de ni\u00f1eces y adolescencias con discapacidad del pa\u00eds y transversalizar esto en las reuniones que tenemos y las acciones que se implementen\u00bb, cont\u00f3 la consejera bonaerense a T\u00e9lam.<\/p>\n<p>La joven consider\u00f3 que \u00e9sta\u00a0\u00abes la \u00fanica manera de que finalmente los adolescentes tengamos voz y seamos representados\u00bb, por lo que resalt\u00f3 la importancia de \u00abdefenderlo y resistirlo\u00bb ante posibles nuevos mandatos.<\/p>\n<p>Tanto Esperanza como Tiziana coincidieron en calificarlo como uno de los espacios \u00abm\u00e1s \u00fatiles y maravillosos del pa\u00eds\u00bb, que cada vez m\u00e1s le dar\u00e1 \u00abvoz real a los m\u00e1s invisibilizados\u00bb.<\/p>\n<p>\u00abHay que seguir tomando acci\u00f3n porque justamente somos uno de los sectores m\u00e1s vulnerables de la poblaci\u00f3n\u00bb, manifestaron ambas consejeras y concluyeron: \u00abLa juventud queremos un futuro \u00edntegro, pero para eso es importante no descuidar el presente\u00bb.<\/p>\n<h6>Fuente: Telam<\/h6>\n","protected":false},"excerpt":{"rendered":"<p>El reclamo surgi\u00f3 en\u00a0\u00a0la sexta reuni\u00f3n del Consejo Consultivo de Adolescentes, que depende de la Secretar\u00eda Nacional de Ni\u00f1ez, Adolescencia y Familia (Senaf), en el Ministerion de Desarrollo Social.\u00a0<\/p>\n","protected":false},"author":2,"featured_media":120461,"comment_status":"closed","ping_status":"closed","sticky":false,"template":"","format":"standard","meta":{"footnotes":""},"categories":[8],"tags":[21],"class_list":["post-120460","post","type-post","status-publish","format-standard","has-post-thumbnail","hentry","category-informe-nacional","tag-argentina"],"_links":{"self":[{"href":"http:\/\/argentinamunicipal.com.ar\/argentina\/wp-json\/wp\/v2\/posts\/120460","targetHints":{"allow":["GET"]}}],"collection":[{"href":"http:\/\/argentinamunicipal.com.ar\/argentina\/wp-json\/wp\/v2\/posts"}],"about":[{"href":"http:\/\/argentinamunicipal.com.ar\/argentina\/wp-json\/wp\/v2\/types\/post"}],"author":[{"embeddable":true,"href":"http:\/\/argentinamunicipal.com.ar\/argentina\/wp-json\/wp\/v2\/users\/2"}],"replies":[{"embeddable":true,"href":"http:\/\/argentinamunicipal.com.ar\/argentina\/wp-json\/wp\/v2\/comments?post=120460"}],"version-history":[{"count":0,"href":"http:\/\/argentinamunicipal.com.ar\/argentina\/wp-json\/wp\/v2\/posts\/120460\/revisions"}],"wp:featuredmedia":[{"embeddable":true,"href":"http:\/\/argentinamunicipal.com.ar\/argentina\/wp-json\/wp\/v2\/media\/120461"}],"wp:attachment":[{"href":"http:\/\/argentinamunicipal.com.ar\/argentina\/wp-json\/wp\/v2\/media?parent=120460"}],"wp:term":[{"taxonomy":"category","embeddable":true,"href":"http:\/\/argentinamunicipal.com.ar\/argentina\/wp-json\/wp\/v2\/categories?post=120460"},{"taxonomy":"post_tag","embeddable":true,"href":"http:\/\/argentinamunicipal.com.ar\/argentina\/wp-json\/wp\/v2\/tags?post=120460"}],"curies":[{"name":"wp","href":"https:\/\/api.w.org\/{rel}","templated":true}]}}