{"id":120478,"date":"2021-11-12T05:00:52","date_gmt":"2021-11-12T08:00:52","guid":{"rendered":"http:\/\/argentinamunicipal.com.ar\/argentina\/?p=120478"},"modified":"2021-11-11T20:08:35","modified_gmt":"2021-11-11T23:08:35","slug":"el-pronunciamiento-de-los-curas-en-la-opcion-por-los-pobres-de-cara-a-las-elecciones","status":"publish","type":"post","link":"http:\/\/argentinamunicipal.com.ar\/argentina\/el-pronunciamiento-de-los-curas-en-la-opcion-por-los-pobres-de-cara-a-las-elecciones\/","title":{"rendered":"El pronunciamiento de los Curas en la Opci\u00f3n por los Pobres de cara a las elecciones"},"content":{"rendered":"<p>En un comunicado en el que se analiza la situaci\u00f3n social y pol\u00edtica los sacerdotes respaldan la gesti\u00f3n del gobierno nacional, proponen analizar la distribuci\u00f3n de la riqueza para resolver el problema de la pobreza y rechazan todo intento de alterar la institucionalidad democr\u00e1tica a partir de los resultados de los comicios.<\/p>\n<p>A pocos d\u00edas de las elecciones legislativas que se celebrar\u00e1n el pr\u00f3ximo domingo el Grupo de Curas en la Opci\u00f3n por los Pobres (COPP) dio a conocer un extenso pronunciamiento en el que analizan la coyuntura y, al mismo tiempo, invitan \u201ca votar a favor de un Estado que garantice derechos, creando trabajo, velando especialmente por los trabajadores y las trabajadoras, garantizando la justicia y la paz, ampliando los derechos sociales, construyendo una sociedad inclusiva y diversa con igualdad de oportunidades para todos y todas\u201d. Adem\u00e1s repudian \u201cen\u00e9rgicamente cualquier forma oculta o manifiesta de alteraci\u00f3n de la institucionalidad democr\u00e1tica, cualquiera sea el resultado de las elecciones\u201d.<\/p>\n<p>El texto, titulado \u201cAnte las pr\u00f3ximas elecciones legislativas. Buscando interpretar los signos de este tiempo\u201d es un llamado a la reflexi\u00f3n frente a la responsabilidad del voto, pero incluye tambi\u00e9n\u00a0un examen de la situaci\u00f3n social y pol\u00edtica, seguido de propuestas para la acci\u00f3n. An\u00e1lisis, dicen los curas, que \u201cno hacemos desde un lugar neutral o as\u00e9ptico\u201d porque \u201cson los caminos del pueblo los que queremos andar\u201d y por ello estamos \u201catentos a los y las m\u00e1s pobres y sufrientes\u201d.<\/p>\n<p>Recuerdan los sacerdotes que \u201cestamos viviendo todav\u00eda bajo los efectos devastadores de una pandemia inesperada y dram\u00e1tica\u201d y as\u00ed \u201ccomo la pandemia supuso transitar un camino in\u00e9dito y a oscuras, la post pandemia tambi\u00e9n ser\u00e1 una senda nunca antes transitada\u201d. Reconocen tambi\u00e9n que \u201clos resultados de las primarias han permitido escuchar la voz del descontento popular, particularmente relacionada con las enormes dificultades para la subsistencia cotidiana, la falta de trabajo, las secuelas de la pandemia en las familias, la escalada infinita del precio de los alimentos que dispara la inflaci\u00f3n y acelera la p\u00e9rdida del poder adquisitivo del salario\u201d.<\/p>\n<p>Tras se\u00f1alar que \u201cestos factores han empujado a muchas personas y familias a la pobreza, la indigencia, la angustia y la desesperanza, m\u00e1s all\u00e1 de la contenci\u00f3n que el Estado ha intentado brindar hasta ahora\u201d los curas valoran los esfuerzos del gobierno nacional para contener y asistir las consecuencias de la pandemia en sus aspectos tanto sanitarios como econ\u00f3micos, pero advierten que \u201cno obstante, las medidas asistenciales de corto plazo, a priori insuficientes,\u00a0es necesario refundar la matriz productiva y distributiva de la Argentina\u201d. Porque, dicen, \u201dno alcanza con aumentar la capacidad productiva que genera riqueza\u201d sino que \u201ces necesario transformar la l\u00f3gica de la producci\u00f3n\u201d y \u201ccambiar la l\u00f3gica distributiva que injustamente hace que la riqueza producida por todos y todas, sea apropiada por una minor\u00eda, y sus rentas puestas a rendir especulativamente lejos del pa\u00eds y lejos de un proyecto productivo\u201d.<\/p>\n<p>Para los COPP \u201cresolver el problema de la pobreza implica necesariamente afectar la distribuci\u00f3n de la riqueza\u201d, entendiendo a su vez que \u201cel Estado debe regular la econom\u00eda en favor del bien com\u00fan, en perspectiva de derechos y castigar el delito econ\u00f3mico con los instrumentos v\u00e1lidos y democr\u00e1ticos de los que dispone\u201d.<\/p>\n<p>Piden tambi\u00e9n que se cuide el futuro de los argentinos evitando someterse a las presiones del capital internacional y entienden que \u201cla deuda contra\u00edda con el FMI no puede pagarse en t\u00e9rminos que funcionen como una condena a muerte a largo plazo\u201d.<\/p>\n<p>El texto incluye tambi\u00e9n un\u00a0rechazo a \u201clas abiertas e insistentes operaciones de prensa\u00a0para instalar en el sentido com\u00fan que el gobierno elegido por el pueblo no debe continuar si pierde las mayor\u00edas en las c\u00e1maras\u201d porque \u201cya sabemos lo que son los golpes de estado (duros o blandos, con armas o sin ellas) y ya hemos dicho como pueblo en muchas ocasiones,\u00a0\u00a1Nunca m\u00e1s!\u201d.<\/p>\n<p>En t\u00e9rminos propositivos los sacerdotes cat\u00f3licos sostienen que, \u201cdado que la pobreza no es fruto del destino sino consecuencia del ego\u00edsmo\u201d es decisivo \u201cdar vida a procesos de desarrollo en los que se valoren las capacidades de todos, para que la complementariedad de las competencias y la diversidad de las funciones den lugar a un recurso com\u00fan de participaci\u00f3n\u201d.<\/p>\n<h6>Fuente: P\u00e1gina 12<\/h6>\n","protected":false},"excerpt":{"rendered":"<p>En un comunicado en el que se analiza la situaci\u00f3n social y pol\u00edtica los sacerdotes respaldan la gesti\u00f3n del gobierno nacional, proponen analizar la distribuci\u00f3n de la riqueza para resolver el problema de la pobreza y rechazan todo intento de alterar la institucionalidad democr\u00e1tica a partir de los resultados de los comicios.\u00a0<\/p>\n","protected":false},"author":2,"featured_media":120479,"comment_status":"closed","ping_status":"closed","sticky":false,"template":"","format":"standard","meta":{"footnotes":""},"categories":[8],"tags":[21],"class_list":["post-120478","post","type-post","status-publish","format-standard","has-post-thumbnail","hentry","category-informe-nacional","tag-argentina"],"_links":{"self":[{"href":"http:\/\/argentinamunicipal.com.ar\/argentina\/wp-json\/wp\/v2\/posts\/120478","targetHints":{"allow":["GET"]}}],"collection":[{"href":"http:\/\/argentinamunicipal.com.ar\/argentina\/wp-json\/wp\/v2\/posts"}],"about":[{"href":"http:\/\/argentinamunicipal.com.ar\/argentina\/wp-json\/wp\/v2\/types\/post"}],"author":[{"embeddable":true,"href":"http:\/\/argentinamunicipal.com.ar\/argentina\/wp-json\/wp\/v2\/users\/2"}],"replies":[{"embeddable":true,"href":"http:\/\/argentinamunicipal.com.ar\/argentina\/wp-json\/wp\/v2\/comments?post=120478"}],"version-history":[{"count":0,"href":"http:\/\/argentinamunicipal.com.ar\/argentina\/wp-json\/wp\/v2\/posts\/120478\/revisions"}],"wp:featuredmedia":[{"embeddable":true,"href":"http:\/\/argentinamunicipal.com.ar\/argentina\/wp-json\/wp\/v2\/media\/120479"}],"wp:attachment":[{"href":"http:\/\/argentinamunicipal.com.ar\/argentina\/wp-json\/wp\/v2\/media?parent=120478"}],"wp:term":[{"taxonomy":"category","embeddable":true,"href":"http:\/\/argentinamunicipal.com.ar\/argentina\/wp-json\/wp\/v2\/categories?post=120478"},{"taxonomy":"post_tag","embeddable":true,"href":"http:\/\/argentinamunicipal.com.ar\/argentina\/wp-json\/wp\/v2\/tags?post=120478"}],"curies":[{"name":"wp","href":"https:\/\/api.w.org\/{rel}","templated":true}]}}