{"id":120593,"date":"2021-11-17T05:54:45","date_gmt":"2021-11-17T08:54:45","guid":{"rendered":"http:\/\/argentinamunicipal.com.ar\/argentina\/?p=120593"},"modified":"2021-11-16T19:58:09","modified_gmt":"2021-11-16T22:58:09","slug":"tras-una-importante-eleccion-en-rosario-el-peronismo-perfila-sus-candidaturas-para-pelear-la-intendencia-en-2023","status":"publish","type":"post","link":"http:\/\/argentinamunicipal.com.ar\/argentina\/tras-una-importante-eleccion-en-rosario-el-peronismo-perfila-sus-candidaturas-para-pelear-la-intendencia-en-2023\/","title":{"rendered":"Tras una importante elecci\u00f3n en Rosario, el peronismo perfila sus candidaturas para pelear la Intendencia en 2023"},"content":{"rendered":"<p>Si bien sufri\u00f3 una derrota contundente en pr\u00e1cticamente todo el territorio santafesino, el oficialismo salv\u00f3 la ropa en la principal ciudad de la provincia. Bandera de largada por la carrera hacia 2023.<\/p>\n<p>A pesar de la contundente derrota en toda la provincia, el peronismo encontr\u00f3 en Rosario un argumento s\u00f3lido para salir airoso de los comicios legislativos. En esa ciudad, que aglutina el 40% del padr\u00f3n santafesino, el oficialismo logr\u00f3 una victoria que tiene en Marcelo Lewandowski su principal hacedor. El futuro senador nacional acumula all\u00ed dos turnos electorales en lo alto del podio, posicion\u00e1ndose como la principal figura del espacio para pelear la Intendencia en 2023, un \u00e1mbito que al peronismo le es esquivo desde hace casi 50 a\u00f1os.<\/p>\n<p>Como es habitual en estos casos, el periodista -quien salt\u00f3 a la pol\u00edtica en 2019 de la mano de Mar\u00eda Eugenia Bielsa- no habl\u00f3 de su proyecci\u00f3n personal tras conocerse el veredicto de las urnas. \u00abEstoy agradecido porque volvieron a confiar en m\u00ed, es la cuarta elecci\u00f3n en la que la ciudad y el departamento me apoyan, con un muy buen caudal de votos\u00bb, se limit\u00f3 a decir Lewandowski, haciendo referencia a que tanto en las Paso como en las generales fue el m\u00e1s votado. \u00abEsa confianza es la que me da mayor responsabilidad por el momento que se est\u00e1 viviendo y por lo que se est\u00e1 sufriendo para resolver lo que padecemos desde hace tantos a\u00f1os que es la inseguridad en las calles\u00bb, complet\u00f3.<\/p>\n<p>Aunque no lo mencion\u00f3 expl\u00edcitamente, todo hace prever que el actual senador provincial competir\u00e1 en la carrera por el Palacio de los Leones, un \u00e1mbito cuyo \u00faltimo referente justicialista fue Rodolfo Ruggeri, quien gobern\u00f3 entre 1973 y 1976. El partido tiene otras figuras que pueden ocupar ese lugar -en 2019 el actual ministro de Gobierno, Roberto Sukerman, qued\u00f3 muy cerca de ganar-, pero nadie aparece con m\u00e1s chances y palmar\u00e9s que Lewandowski.<\/p>\n<p>Para romper la mala racha, el Frente de Todos (FDT) deber\u00e1 hacer un gran esfuerzo por mantener la mentada \u00abunidad en la diversidad\u00bb, m\u00e1xime cuando del lado de enfrente se brindan cada vez m\u00e1s se\u00f1ales sobre una gran alianza antiperonista. Este lunes llam\u00f3 mucho la atenci\u00f3n la foto que el intendente Pablo Javkin public\u00f3 junto al senador electo de Juntos por el Cambio (JxC), Dionisio Scarpin, que acompa\u00f1\u00f3 con un sugestivo mensaje llamando a crear \u201cfrentes nuevos y m\u00e1s amplios\u201d.<\/p>\n<p>Javkin, que integra un Frente Progresista (FP) cada vez m\u00e1s achicharrado, se pronunci\u00f3 en l\u00ednea con lo que el propio Scarpin mencion\u00f3 en la noche del domingo: \u201cTenemos que empezar a construir, con todos los actores de la oposici\u00f3n de Santa Fe, una alternativa cre\u00edble para el 2023. Hay que trabajar desde ese lugar para hacer una propuesta superadora\u201d.<\/p>\n<p>Est\u00e1 claro que el actual intendente de Avellaneda se refer\u00eda a la carrera por la Casa Gris y no por la Municipalidad de Rosario, pero el gesto de Javkin fue por dem\u00e1s de elocuente. De a poco, el l\u00edder de Creo -cuyo candidato result\u00f3 el m\u00e1s votado en las elecciones a concejales- arrincona al socialismo para ampliar el FP, una movida que desde el partido de la rosa ven con el ce\u00f1o fruncido. La propia Clara Garc\u00eda, luego de reconocer la derrota, dijo que el frente estaba \u201clleno de energ\u00eda y con las mismas ganas de transformaci\u00f3n\u201d, conformado por \u201cgente de ac\u00e1 que vive ac\u00e1\u201d y que \u201csobrevive a los proyectos centrales que arrasaron a todo el pa\u00eds\u201d.<\/p>\n<p>El PJ sigue fuerte en los barrios<\/p>\n<p>Si el peronismo se ilusiona con ganar Rosario es adem\u00e1s por la buena performance que obtuvo en los comicios locales. El candidato del Frente de Todos, Lisandro Cavatorta, quien tambi\u00e9n proviene de los medios, qued\u00f3 segundo, a menos de 5.000 votos (un punto porcentual) del oficialista Ciro Seisas, una figura que hasta hace pocos meses conduc\u00eda un noticiero.<\/p>\n<p>Si bien a nivel general Seisas sum\u00f3 m\u00e1s adhesiones, el an\u00e1lisis territorial de los comicios permite vislumbrar que s\u00f3lo se impuso en 8 de las 22 secciones en las que se divide la ciudad. Cavatorta logr\u00f3 cantar victoria en 9, en tanto que la candidata de JxC, Anita Mart\u00ednez, lo hizo en las 5 restantes.<\/p>\n<p>El FDT repiti\u00f3 una gran performance en los barrios perif\u00e9ricos del sur, sudoeste y noroeste, en tanto que, comparado con las Paso, le arrebat\u00f3 al FP el barrio Bella Vista. Sus victorias fueron m\u00e1s contundentes incluso que la de sus competidores, pero al hacerlo en seccionales menos pobladas, tuvieron menos peso en el conteo general.<\/p>\n<p>\u201cEs una experiencia extraordinaria, mi primera experiencia electoral. Estoy emocionado, hemos hecho una excelente en Rosario\u201d, dijo Cavatorta en la noche del domingo, donde no dej\u00f3 de agradecer al gobernador Omar Perotti, quien bendijo su candidatura en su exitoso intento por imponer condiciones al interior del FDT. \u201cLa gente nos dice que hay que llegar a acuerdos, la gente necesita que la pol\u00edtica est\u00e9 m\u00e1s cerca para resolver sus problemas\u201d, complet\u00f3 el futuro concejal.<\/p>\n<h6>Fuente: El Litoral<\/h6>\n","protected":false},"excerpt":{"rendered":"<p>Si bien sufri\u00f3 una derrota contundente en pr\u00e1cticamente todo el territorio santafesino, el oficialismo salv\u00f3 la ropa en la principal ciudad de la provincia. Bandera de largada por la carrera hacia 2023.<\/p>\n","protected":false},"author":2,"featured_media":120594,"comment_status":"closed","ping_status":"closed","sticky":false,"template":"","format":"standard","meta":{"footnotes":""},"categories":[4],"tags":[10],"class_list":["post-120593","post","type-post","status-publish","format-standard","has-post-thumbnail","hentry","category-informe-politico","tag-santa-fe"],"_links":{"self":[{"href":"http:\/\/argentinamunicipal.com.ar\/argentina\/wp-json\/wp\/v2\/posts\/120593","targetHints":{"allow":["GET"]}}],"collection":[{"href":"http:\/\/argentinamunicipal.com.ar\/argentina\/wp-json\/wp\/v2\/posts"}],"about":[{"href":"http:\/\/argentinamunicipal.com.ar\/argentina\/wp-json\/wp\/v2\/types\/post"}],"author":[{"embeddable":true,"href":"http:\/\/argentinamunicipal.com.ar\/argentina\/wp-json\/wp\/v2\/users\/2"}],"replies":[{"embeddable":true,"href":"http:\/\/argentinamunicipal.com.ar\/argentina\/wp-json\/wp\/v2\/comments?post=120593"}],"version-history":[{"count":0,"href":"http:\/\/argentinamunicipal.com.ar\/argentina\/wp-json\/wp\/v2\/posts\/120593\/revisions"}],"wp:featuredmedia":[{"embeddable":true,"href":"http:\/\/argentinamunicipal.com.ar\/argentina\/wp-json\/wp\/v2\/media\/120594"}],"wp:attachment":[{"href":"http:\/\/argentinamunicipal.com.ar\/argentina\/wp-json\/wp\/v2\/media?parent=120593"}],"wp:term":[{"taxonomy":"category","embeddable":true,"href":"http:\/\/argentinamunicipal.com.ar\/argentina\/wp-json\/wp\/v2\/categories?post=120593"},{"taxonomy":"post_tag","embeddable":true,"href":"http:\/\/argentinamunicipal.com.ar\/argentina\/wp-json\/wp\/v2\/tags?post=120593"}],"curies":[{"name":"wp","href":"https:\/\/api.w.org\/{rel}","templated":true}]}}