{"id":120625,"date":"2021-11-17T19:57:34","date_gmt":"2021-11-17T22:57:34","guid":{"rendered":"http:\/\/argentinamunicipal.com.ar\/argentina\/?p=120625"},"modified":"2021-11-17T19:57:34","modified_gmt":"2021-11-17T22:57:34","slug":"municipales-rosarinos-se-movilizaron-a-iapos-en-reclamo-por-las-malas-prestaciones","status":"publish","type":"post","link":"http:\/\/argentinamunicipal.com.ar\/argentina\/municipales-rosarinos-se-movilizaron-a-iapos-en-reclamo-por-las-malas-prestaciones\/","title":{"rendered":"Municipales rosarinos se movilizaron a Iapos en reclamo por las malas prestaciones"},"content":{"rendered":"<p>La protesta tuvo lugar frente al edificio de la obra social IAPOS, donde los trabajadores nucleados en el gremio de municipales expresaron su disconformidad por las dificultades para obtener turnos y acceder a prestaciones<\/p>\n<p>El Sindicato de Trabajadores Municipales de Rosario realiz\u00f3 este mi\u00e9rcoles una movilizaci\u00f3n a la puerta de la obra social Iapos, en Rioja 2051, para expresar su repudio ante las deficiencias y malas prestaciones que reciben los empleados de parte de la entidad.<\/p>\n<p>La protesta tuvo lugar frente al edificio de la obra social IAPOS, donde los trabajadores nucleados en el gremio de municipales expresaron su disconformidad por las dificultades para obtener turnos y acceder a prestaciones.<\/p>\n<p>La decisi\u00f3n de movilizar naci\u00f3 ante la falta de respuestas ante los reclamos previos. \u201cNos movilizamos para ver si encontramos un camino de dialogo que nos permita ir resolviendo la gran cantidad de situaciones complejas que tenemos\u201d, se\u00f1al\u00f3 el secretario gremial del Sindicato de Trabajadores Municipales, Pablo Moyano.<\/p>\n<p>\u201cAdem\u00e1s de pagar la cuota, cuando uno requiere una atenci\u00f3n o prestaci\u00f3n tiene que pagar la orden m\u00e9dica, los bonos y el plus que casi todo el mundo cobra. Terminamos pagando cuatro veces por una prestaci\u00f3n, que adem\u00e1s muchas veces es rechazada\u201d, detall\u00f3 el dirigente gremial.<\/p>\n<p>A partir de la movilizaci\u00f3n, los trabajadores municipales esperan obtener una respuesta a sus planteos y la apertura de un canal de dialogo para encontrar soluciones a una situaci\u00f3n que, aseguran, no es nueva.<\/p>\n<h6>Fuente: elciudadanoweb.com<\/h6>\n","protected":false},"excerpt":{"rendered":"<p>La protesta tuvo lugar frente al edificio de la obra social IAPOS, donde los trabajadores nucleados en el gremio de municipales expresaron su disconformidad por las dificultades para obtener turnos y acceder a prestaciones<\/p>\n","protected":false},"author":2,"featured_media":120626,"comment_status":"closed","ping_status":"closed","sticky":false,"template":"","format":"standard","meta":{"footnotes":""},"categories":[7],"tags":[10],"class_list":["post-120625","post","type-post","status-publish","format-standard","has-post-thumbnail","hentry","category-informe-sindical","tag-santa-fe"],"_links":{"self":[{"href":"http:\/\/argentinamunicipal.com.ar\/argentina\/wp-json\/wp\/v2\/posts\/120625","targetHints":{"allow":["GET"]}}],"collection":[{"href":"http:\/\/argentinamunicipal.com.ar\/argentina\/wp-json\/wp\/v2\/posts"}],"about":[{"href":"http:\/\/argentinamunicipal.com.ar\/argentina\/wp-json\/wp\/v2\/types\/post"}],"author":[{"embeddable":true,"href":"http:\/\/argentinamunicipal.com.ar\/argentina\/wp-json\/wp\/v2\/users\/2"}],"replies":[{"embeddable":true,"href":"http:\/\/argentinamunicipal.com.ar\/argentina\/wp-json\/wp\/v2\/comments?post=120625"}],"version-history":[{"count":0,"href":"http:\/\/argentinamunicipal.com.ar\/argentina\/wp-json\/wp\/v2\/posts\/120625\/revisions"}],"wp:featuredmedia":[{"embeddable":true,"href":"http:\/\/argentinamunicipal.com.ar\/argentina\/wp-json\/wp\/v2\/media\/120626"}],"wp:attachment":[{"href":"http:\/\/argentinamunicipal.com.ar\/argentina\/wp-json\/wp\/v2\/media?parent=120625"}],"wp:term":[{"taxonomy":"category","embeddable":true,"href":"http:\/\/argentinamunicipal.com.ar\/argentina\/wp-json\/wp\/v2\/categories?post=120625"},{"taxonomy":"post_tag","embeddable":true,"href":"http:\/\/argentinamunicipal.com.ar\/argentina\/wp-json\/wp\/v2\/tags?post=120625"}],"curies":[{"name":"wp","href":"https:\/\/api.w.org\/{rel}","templated":true}]}}