{"id":120665,"date":"2021-11-19T05:41:34","date_gmt":"2021-11-19T08:41:34","guid":{"rendered":"http:\/\/argentinamunicipal.com.ar\/argentina\/?p=120665"},"modified":"2021-11-18T19:49:49","modified_gmt":"2021-11-18T22:49:49","slug":"santa-fe-renuncio-dirigente-de-asoem-por-profundas-diferencias-con-la-conduccion-del-sindicato","status":"publish","type":"post","link":"http:\/\/argentinamunicipal.com.ar\/argentina\/santa-fe-renuncio-dirigente-de-asoem-por-profundas-diferencias-con-la-conduccion-del-sindicato\/","title":{"rendered":"Santa Fe: Renunci\u00f3 dirigente de Asoem por \u00abprofundas diferencias\u00bb con la conducci\u00f3n del sindicato"},"content":{"rendered":"<p>El secretario de Actas de Asoem, Guillermo Alaniz, present\u00f3 su renuncia indeclinable ante el secretario general Juan Ram\u00f3n Medina debido a las \u00abprofundas diferencias con las acciones adoptadas\u00bb por la conducci\u00f3n del sindicato de trabajadores municipales.<\/p>\n<p>El secretario de Actas de la Asociaci\u00f3n Sindical de Obreros y Empleados de la Municipalidad de Santa Fe (Asoem), Guillermo Alaniz, present\u00f3 su renuncia indeclinable ante el secretario general Juan Ram\u00f3n Medina debido a las \u201cprofundas diferencias con las acciones adoptadas por la actual conducci\u00f3n\u201d del sindicato que nuclea a los trabajadores municipales.<\/p>\n<p>La renuncia expresa el\u00a0descontento de buena parte del sindicato con la decisi\u00f3n de la conducci\u00f3n de Asoem de desafiliarse de la Federaci\u00f3n de Trabajadores Municipales de Santa Fe (Festram). La desafiliaci\u00f3n se vot\u00f3 en una asamblea extraordinaria realizada el 2 de septiembre sobre la cual se\u00a0denunciaron una serie de irregularidades.<\/p>\n<p>Alaniz\u00a0present\u00f3 su renuncia este mi\u00e9rcoles ante el secretario general de\u00a0Asoem\u00a0a trav\u00e9s de una nota en la cual argumenta que su decisi\u00f3n obedece a las acciones de Medina que \u201crepresentan un ataque a la democracia sindical y al derecho de todos los trabajadores afiliados de participar en la vida interna del gremio y elegir libremente a sus representantes\u201d.<\/p>\n<p>El ex dirigente municipal se refiri\u00f3 concretamente al modo en que se manej\u00f3 la actual conducci\u00f3n sindical durante las asambleas realizadas el 2 de septiembre y el 12 de octubre en la sede gremial de calle Urquiza.<\/p>\n<p>En la primera, seg\u00fan Alaniz, \u201ca muchos compa\u00f1eros les fue impedido participar de la asamblea, ya que fue restringido el ingreso\u201d.<\/p>\n<p>En cuanto a la segunda asamblea, realizada el 12 de octubre, record\u00f3 que \u201cse despleg\u00f3 un operativo policial de forma tal que dentro de la asamblea se cercen\u00f3 la participaci\u00f3n de los trabajadores tomando el personal policial un rol que imped\u00eda objetar las decisiones que se comunicaban a los afiliados\u201d.<\/p>\n<p>Seg\u00fan Alaniz, \u201cestas pr\u00e1cticas son ajenas a la vida democr\u00e1tica de las organizaciones sindicales\u201d. Con esos argumentos y con fuertes cr\u00edticas dirigidas a Medina, el secretario de Actas renunci\u00f3 en forma \u201cindeclinable\u201d a su cargo en el sindicato municipal.<\/p>\n<p><strong>No los dejaron votar<\/strong><br \/>\nTras la asamblea del 2 de septiembre, donde se vot\u00f3 la desafiliaci\u00f3n de Asoem de la federaci\u00f3n provincial, la Festram emiti\u00f3 un comunicado en el cual dejaron constancia del \u201cclima de tensi\u00f3n\u201d en el que se desarroll\u00f3 la reuni\u00f3n: \u201cHubo gritos, enfrentamientos e incluso volaron sillas por el aire\u201d. Desde la Federaci\u00f3n calificaron a la asamblea como \u201cbochornosa\u201d y afirmaron que la democracia sindical fue vulnerada por Medina y sus aliados.<\/p>\n<p>En aquella ocasi\u00f3n se denunci\u00f3 el incumplimiento de los plazos para la convocatoria de la asamblea y los protocolos de cuidado ante la pandemia de coronavirus. Sobre este punto, las cr\u00edticas fueron que no se dispuso un aforo de las instalaciones y no se tuvo en cuenta que Asoem tiene m\u00e1s de seis mil afiliados y no se garantiz\u00f3 la asistencia de esa cantidad de personas para participar de una votaci\u00f3n tan importante.<\/p>\n<p>Por ello, tanto la Festram como la Agrupaci\u00f3n 8 de Noviembre denunciaron que hubo afiliados a los que no se les permiti\u00f3 el ingreso a la sede del sindicato y, por lo tanto, no pudieron expresarse y mucho menos votar.<\/p>\n<p><strong>Junta Electoral<\/strong><br \/>\nEn la asamblea del 12 de octubre 12 los afiliados de Asoem aprobaron los balances de 2020 y 2021 y adem\u00e1s designaron la Junta Electoral para la elecci\u00f3n de Comisi\u00f3n Directiva y Comisi\u00f3n Revisora de Cuentas, el pr\u00f3ximo 21 de diciembre.<\/p>\n<p>La Junta Electoral qued\u00f3 conformada por Nadia \u00c1lvarez Oporto (Presidenta), Mario Gim\u00e9nez y Leandro Gudi\u00f1o (vocales titulares) y Dar\u00edo Can\u00f3nico y Natal\u00ed Rigotti (vocales suplentes).<\/p>\n<h6>Fuente: airedesantafe.com.ar<\/h6>\n","protected":false},"excerpt":{"rendered":"<p>El secretario de Actas de Asoem, Guillermo Alaniz, present\u00f3 su renuncia indeclinable ante el secretario general Juan Ram\u00f3n Medina debido a las \u00abprofundas diferencias con las acciones adoptadas\u00bb por la conducci\u00f3n del sindicato de trabajadores municipales<\/p>\n","protected":false},"author":2,"featured_media":120666,"comment_status":"closed","ping_status":"closed","sticky":false,"template":"","format":"standard","meta":{"footnotes":""},"categories":[7],"tags":[10],"class_list":["post-120665","post","type-post","status-publish","format-standard","has-post-thumbnail","hentry","category-informe-sindical","tag-santa-fe"],"_links":{"self":[{"href":"http:\/\/argentinamunicipal.com.ar\/argentina\/wp-json\/wp\/v2\/posts\/120665","targetHints":{"allow":["GET"]}}],"collection":[{"href":"http:\/\/argentinamunicipal.com.ar\/argentina\/wp-json\/wp\/v2\/posts"}],"about":[{"href":"http:\/\/argentinamunicipal.com.ar\/argentina\/wp-json\/wp\/v2\/types\/post"}],"author":[{"embeddable":true,"href":"http:\/\/argentinamunicipal.com.ar\/argentina\/wp-json\/wp\/v2\/users\/2"}],"replies":[{"embeddable":true,"href":"http:\/\/argentinamunicipal.com.ar\/argentina\/wp-json\/wp\/v2\/comments?post=120665"}],"version-history":[{"count":0,"href":"http:\/\/argentinamunicipal.com.ar\/argentina\/wp-json\/wp\/v2\/posts\/120665\/revisions"}],"wp:featuredmedia":[{"embeddable":true,"href":"http:\/\/argentinamunicipal.com.ar\/argentina\/wp-json\/wp\/v2\/media\/120666"}],"wp:attachment":[{"href":"http:\/\/argentinamunicipal.com.ar\/argentina\/wp-json\/wp\/v2\/media?parent=120665"}],"wp:term":[{"taxonomy":"category","embeddable":true,"href":"http:\/\/argentinamunicipal.com.ar\/argentina\/wp-json\/wp\/v2\/categories?post=120665"},{"taxonomy":"post_tag","embeddable":true,"href":"http:\/\/argentinamunicipal.com.ar\/argentina\/wp-json\/wp\/v2\/tags?post=120665"}],"curies":[{"name":"wp","href":"https:\/\/api.w.org\/{rel}","templated":true}]}}