{"id":120696,"date":"2021-11-19T05:02:33","date_gmt":"2021-11-19T08:02:33","guid":{"rendered":"http:\/\/argentinamunicipal.com.ar\/argentina\/?p=120696"},"modified":"2021-11-18T21:06:30","modified_gmt":"2021-11-19T00:06:30","slug":"el-banco-de-herramientas-municipal-de-santa-fe-concreto-una-nueva-entrega","status":"publish","type":"post","link":"http:\/\/argentinamunicipal.com.ar\/argentina\/el-banco-de-herramientas-municipal-de-santa-fe-concreto-una-nueva-entrega\/","title":{"rendered":"El Banco de Herramientas Municipal de Santa Fe concret\u00f3 una nueva entrega"},"content":{"rendered":"<p>Con un presupuesto superior a los 2 millones de pesos, la Municipalidad otorg\u00f3 elementos de trabajo a 23 unidades productivas de cinco barrios de la ciudad.<\/p>\n<p>\u200bEste mi\u00e9rcoles, en dependencias del ex Predio Ferial Municipal, el intendente Emilio Jat\u00f3n realiz\u00f3 una nueva entrega de elementos de trabajo provenientes del Banco de Herramientas Municipal. En esta oportunidad, fueron beneficiadas 23 unidades productivas pertenecientes a los barrios Santa Rosa de Lima, Padre Atilio Rosso, Barranquitas, Chalet y Roma.<\/p>\n<p>Cabe recordar que las unidades productivas atravesaron el proceso llevado adelante por la Secretar\u00eda de Integraci\u00f3n y Econom\u00eda Social del municipio, que contempl\u00f3 diez encuentros con instancias de formaci\u00f3n y discusi\u00f3n, y una evaluaci\u00f3n t\u00e9cnica final. A lo largo de ese tiempo, en las diferentes Asambleas de la Econom\u00eda Popular, se brindaron herramientas para mejorar t\u00e9cnicamente los procesos de trabajo, potenciando la comercializaci\u00f3n de los productos o servicios y acompa\u00f1ando las trayectorias de cada unidad.<\/p>\n<p>En la oportunidad, el intendente Emilio Jat\u00f3n agradeci\u00f3 la presencia de los representantes de unidades productivas. A ellos les record\u00f3 que \u201cen la vida hay muchos desaf\u00edos. No todos nacemos con las mismas herramientas, pero el desaf\u00edo es c\u00f3mo enfrentamos la vida, desde qu\u00e9 lugar\u201d.<\/p>\n<p>\u201cLa cabeza de ustedes es la que les va a permitir desafiar la vida y salir adelante. Ustedes pensaron qu\u00e9 hacer y est\u00e1n conformando unidades de trabajo; la tarea de nosotros es fortalecer esas unidades de trabajo. Las herramientas que les entregamos hoy, los van a ayudar a progresar en la vida; y a nosotros nos van a ayudar a tener una sociedad totalmente distinta\u201d, afirm\u00f3.<\/p>\n<p>Jat\u00f3n resalt\u00f3 la importancia de \u201chacer una sociedad distinta, donde todos seamos iguales y tengamos las mismas oportunidades. Todos tenemos que tener el mismo punto de partida y el mismo nivel de oportunidades. Entonces, los objetivos van a estar m\u00e1s cerca\u201d, insisti\u00f3.<\/p>\n<p>Por \u00faltimo, el intendente asegur\u00f3 que los procesos llevados adelante en el marco de las Asambleas de la Econom\u00eda Popular \u201cson muy interesantes porque nos juntamos, decidimos, y no se termina aqu\u00ed. Seguimos, vemos c\u00f3mo trabajan y c\u00f3mo progresan; y ese es el camino. A su destino lo construyen ustedes y nosotros vamos a estar ah\u00ed para ayudarlos, concluy\u00f3.<\/p>\n<p><strong>Pensamiento colectivo<\/strong><br \/>\nLos 23 emprendimientos que recibieron insumos este mi\u00e9rcoles, involucran a 189 trabajadores y trabajadoras de la Econom\u00eda Social y Popular, de los rubros construcci\u00f3n, textil, higiene urbana, alimentaci\u00f3n, artesan\u00edas, carpinter\u00eda y herrer\u00eda, dise\u00f1o y peluquer\u00eda. Seg\u00fan se indic\u00f3 cada una recibi\u00f3 los elementos necesarios para potenciar cada uno de los proyectos. De este modo, el municipio acompa\u00f1a en este proceso que no s\u00f3lo consiste en la entrega de herramientas, sino que los convoca a reflexionar sobre los procesos.<\/p>\n<p>La secretaria de Integraci\u00f3n y Econom\u00eda Social del municipio, Ayelen Dutruel, record\u00f3 que \u201clas unidades productivas son colectivas, son grupalidades que han participado de 10 encuentros donde trabajaron en sus procesos de comercializaci\u00f3n, de producci\u00f3n y de servicios, para pensar en torno a la econom\u00eda social y popular en nuestra ciudad en este contexto, compartir las experiencias y mejorar los procesos\u201d.<\/p>\n<p>En el caso de la entrega de este mi\u00e9rcoles, destac\u00f3 la importancia de \u201cllegar a 189 personas, lo que hace para nosotros un n\u00famero amplio en relaci\u00f3n a todos los procesos que venimos llevando a cabo\u201d. Y agreg\u00f3 que otorgar las herramientas \u201ces la culminaci\u00f3n de un trabajo, despu\u00e9s de haber pensado c\u00f3mo mejorar cada una de las unidades productivas con nuestro equipo t\u00e9cnico, pero tambi\u00e9n con los trabajadores y las trabajadoras de la Econom\u00eda Social\u201d.<\/p>\n<p>Al respecto, Dutruel insisti\u00f3 en que \u201ceste proceso no solamente fortalece a los procesos productivos con herramientas e insumos, sino con pensar colectivamente la pol\u00edtica p\u00fablica en materia de econom\u00eda social y popular, y es con los trabajadores y trabajadoras de la econom\u00eda social con quien la pensamos, construimos y lo hacemos todos los d\u00edas.<\/p>\n<p><strong>Un nuevo comienzo<\/strong><br \/>\nSusana Rom\u00e1n pertenece a la cooperativa \u201cTejedoras Barranquitas\u201d y recibi\u00f3 materiales que le permitir\u00e1n potenciar el proyecto textil que integra desde hace tres a\u00f1os junto a una decena mujeres. Todo lo que producen es vendido, pero tambi\u00e9n lo destinan como donaci\u00f3n a quienes necesitan, por medio de la Estaci\u00f3n Barranquitas.<\/p>\n<p>\u201cComo no ten\u00edamos tejidos, busc\u00e1bamos reciclados de pul\u00f3veres donados, que desat\u00e1bamos, lav\u00e1bamos y volv\u00edamos a tejer de nuevo. Pero ahora tenemos material nuevo, porque est\u00e1bamos acostumbradas a trabajar con reciclado. Ahora ser\u00e1 un buen comienzo\u201d, explic\u00f3.<\/p>\n<p>Como parte de las actividades que impulsa el municipio en el marco del Banco de Herramientas, Susana y varias integrantes del grupo participaron de las capacitaciones para hacer crecer su proyecto. \u201cLa experiencia me pareci\u00f3 buen\u00edsima y esperemos que contin\u00fae, que no se interrumpa\u201d.<\/p>\n<p>Jorge Gozzo fue otro de los vecinos de la ciudad que recibi\u00f3 herramientas. En su caso, se trat\u00f3 de una agujereadora y una soldadora inverter de 250 amperes, que ser\u00e1 utilizada en trabajos de herrer\u00eda art\u00edstica: \u201cEs un proyecto barrial en el que hacemos portamacetas y arreglamos todo lo que los vecinos nos traen\u201d, describi\u00f3.<\/p>\n<p>La unidad productiva de Jorge tiene, adem\u00e1s, un fin social. Seg\u00fan cont\u00f3, \u201cla idea es sacar a los chicos de la calle, trabajamos con un grupo de siete chicos del barrio a quienes buscamos atraer para que no anden en la calle, haciendo lo que no se debe\u201d. De este modo, les ense\u00f1a un oficio y les da \u201cuna salida laboral rentable, porque sabiendo soldar, si uno tiene imaginaci\u00f3n, arma lo que quiera\u201d.<\/p>\n<p><strong>Siguiente proceso<\/strong><br \/>\nEl Banco de Herramientas Municipal continuar\u00e1 a partir del mes pr\u00f3ximo en la Estaci\u00f3n de Alto Verde, con habitantes de ese distrito costero, de Colastin\u00e9 Sur, de La Boca, de La Guardia, de El Pozo y de La Vuelta del Paraguayo. Para esta instancia, se convoca a vecinos y vecinas a conocer la propuesta y participar de la misma.<\/p>\n<p>Cabe recordar que las entregas en San Agust\u00edn y Yapey\u00fa se suman a la realizada este mi\u00e9rcoles. Entre todas, la municipalidad ya invirti\u00f3 una cifra superior a los $ 6.500.000.<\/p>\n<h6>Fuente: El Litoral<\/h6>\n","protected":false},"excerpt":{"rendered":"<p>Con un presupuesto superior a los 2 millones de pesos, la Municipalidad otorg\u00f3 elementos de trabajo a 23 unidades productivas de cinco barrios de la ciudad.<\/p>\n","protected":false},"author":2,"featured_media":120697,"comment_status":"closed","ping_status":"closed","sticky":false,"template":"","format":"standard","meta":{"footnotes":""},"categories":[2],"tags":[10],"class_list":["post-120696","post","type-post","status-publish","format-standard","has-post-thumbnail","hentry","category-informe-municipal","tag-santa-fe"],"_links":{"self":[{"href":"http:\/\/argentinamunicipal.com.ar\/argentina\/wp-json\/wp\/v2\/posts\/120696","targetHints":{"allow":["GET"]}}],"collection":[{"href":"http:\/\/argentinamunicipal.com.ar\/argentina\/wp-json\/wp\/v2\/posts"}],"about":[{"href":"http:\/\/argentinamunicipal.com.ar\/argentina\/wp-json\/wp\/v2\/types\/post"}],"author":[{"embeddable":true,"href":"http:\/\/argentinamunicipal.com.ar\/argentina\/wp-json\/wp\/v2\/users\/2"}],"replies":[{"embeddable":true,"href":"http:\/\/argentinamunicipal.com.ar\/argentina\/wp-json\/wp\/v2\/comments?post=120696"}],"version-history":[{"count":0,"href":"http:\/\/argentinamunicipal.com.ar\/argentina\/wp-json\/wp\/v2\/posts\/120696\/revisions"}],"wp:featuredmedia":[{"embeddable":true,"href":"http:\/\/argentinamunicipal.com.ar\/argentina\/wp-json\/wp\/v2\/media\/120697"}],"wp:attachment":[{"href":"http:\/\/argentinamunicipal.com.ar\/argentina\/wp-json\/wp\/v2\/media?parent=120696"}],"wp:term":[{"taxonomy":"category","embeddable":true,"href":"http:\/\/argentinamunicipal.com.ar\/argentina\/wp-json\/wp\/v2\/categories?post=120696"},{"taxonomy":"post_tag","embeddable":true,"href":"http:\/\/argentinamunicipal.com.ar\/argentina\/wp-json\/wp\/v2\/tags?post=120696"}],"curies":[{"name":"wp","href":"https:\/\/api.w.org\/{rel}","templated":true}]}}