{"id":120704,"date":"2021-11-22T06:01:58","date_gmt":"2021-11-22T09:01:58","guid":{"rendered":"http:\/\/argentinamunicipal.com.ar\/argentina\/?p=120704"},"modified":"2021-11-19T06:09:03","modified_gmt":"2021-11-19T09:09:03","slug":"comodoro-proyecto-conociendo-mi-ciudad-destinado-a-las-escuelas","status":"publish","type":"post","link":"http:\/\/argentinamunicipal.com.ar\/argentina\/comodoro-proyecto-conociendo-mi-ciudad-destinado-a-las-escuelas\/","title":{"rendered":"Comodoro: Proyecto \u00abConociendo mi ciudad\u00bb destinado a las escuelas"},"content":{"rendered":"<p>El mismo est\u00e1 destinado a los niveles primario y secundario de la ciudad. Este jueves fue el turno de los alumnos de la Escuela de Educaci\u00f3n Especial N\u00b0 521.<\/p>\n<p>Los alumnos de la Escuela de Educaci\u00f3n Especial N\u00b0 521 fueron parte del Proyecto \u201cConociendo mi ciudad\u201d, que tiene como objetivo principal generar conciencia tur\u00edstica ciudadana en un marco de igualdad de oportunidades para todos los alumnos y se desarrolla desde mediados de noviembre a diciembre.<\/p>\n<p>Al respecto, el director de\u00a0Turismo, Gonzalo Herrera, asever\u00f3 que \u201ccon la presencialidad se vislumbra una posibilidad estrat\u00e9gica para que los alumnos recorran la ciudad, conozcan su historia, sus atractivos, su importancia en la regi\u00f3n y la interpreten desde una visi\u00f3n tur\u00edstica\u201d.<\/p>\n<p>Respecto al circuito, el mismo incluye la visita al Faro, el Farall\u00f3n y Caleta C\u00f3rdova, con una ardua organizaci\u00f3n previa que consiste de un cronograma a fin de que todos los grados puedan participar. \u201cHasta el momento, se inscribieron y asistieron las instituciones educativas N\u00b0 731 \u2018Gran Malvina\u2019, Biolog\u00eda Marina, CUP, N\u00b0 7.702 de Km.8, Instituto Mar\u00eda Auxiliadora y la Escuela Especial N\u00b0 521, que fue la que trasladamos este mi\u00e9rcoles\u201d, expuso el director.<\/p>\n<p>En este tenor, sostuvo que \u201cla Escuela N\u00b0 521 contiene a chicos con discapacidad y ellos tienen el derecho pleno del acceso y gozo al turismo. Por tal motivo, priorizamos la semana para que puedan asistir todos los cursos, sumado a que era un pedido especial del intendente Juan Pablo Luque\u201d.<\/p>\n<p>Finalmente, Herrera se refiri\u00f3 a las inscripciones para formar parte de \u201cConociendo mi ciudad\u201d y mencion\u00f3 que \u201clas\u00a0escuelas\u00a0mandaron sus respectivas notas a la Direcci\u00f3n General de Turismo para participar de \u2018Turistas por un D\u00eda\u2019, as\u00ed que abocamos los meses de noviembre y diciembre para salir con diferentes escuelas. En total vamos a trasladar 810 chicos para que conozcan lugares hermosos de Comodoro\u201d.<\/p>\n<h6>Fuente: Patag\u00f3nico<\/h6>\n","protected":false},"excerpt":{"rendered":"<p>El mismo est\u00e1 destinado a los niveles primario y secundario de la ciudad. Este jueves fue el turno de los alumnos de la Escuela de Educaci\u00f3n Especial N\u00b0 521.<\/p>\n","protected":false},"author":2,"featured_media":120705,"comment_status":"closed","ping_status":"closed","sticky":false,"template":"","format":"standard","meta":{"footnotes":""},"categories":[2],"tags":[14],"class_list":["post-120704","post","type-post","status-publish","format-standard","has-post-thumbnail","hentry","category-informe-municipal","tag-chubut"],"_links":{"self":[{"href":"http:\/\/argentinamunicipal.com.ar\/argentina\/wp-json\/wp\/v2\/posts\/120704","targetHints":{"allow":["GET"]}}],"collection":[{"href":"http:\/\/argentinamunicipal.com.ar\/argentina\/wp-json\/wp\/v2\/posts"}],"about":[{"href":"http:\/\/argentinamunicipal.com.ar\/argentina\/wp-json\/wp\/v2\/types\/post"}],"author":[{"embeddable":true,"href":"http:\/\/argentinamunicipal.com.ar\/argentina\/wp-json\/wp\/v2\/users\/2"}],"replies":[{"embeddable":true,"href":"http:\/\/argentinamunicipal.com.ar\/argentina\/wp-json\/wp\/v2\/comments?post=120704"}],"version-history":[{"count":0,"href":"http:\/\/argentinamunicipal.com.ar\/argentina\/wp-json\/wp\/v2\/posts\/120704\/revisions"}],"wp:featuredmedia":[{"embeddable":true,"href":"http:\/\/argentinamunicipal.com.ar\/argentina\/wp-json\/wp\/v2\/media\/120705"}],"wp:attachment":[{"href":"http:\/\/argentinamunicipal.com.ar\/argentina\/wp-json\/wp\/v2\/media?parent=120704"}],"wp:term":[{"taxonomy":"category","embeddable":true,"href":"http:\/\/argentinamunicipal.com.ar\/argentina\/wp-json\/wp\/v2\/categories?post=120704"},{"taxonomy":"post_tag","embeddable":true,"href":"http:\/\/argentinamunicipal.com.ar\/argentina\/wp-json\/wp\/v2\/tags?post=120704"}],"curies":[{"name":"wp","href":"https:\/\/api.w.org\/{rel}","templated":true}]}}