{"id":12072,"date":"2014-07-23T09:06:03","date_gmt":"2014-07-23T12:06:03","guid":{"rendered":"http:\/\/argentinamunicipal.com.ar\/argentina\/?p=12072"},"modified":"2014-07-23T09:06:03","modified_gmt":"2014-07-23T12:06:03","slug":"municipalizacion-de-las-grutas-punta-del-este-depende-administrativamente-de-otra-ciudad-pero-se-ha-desarrollado","status":"publish","type":"post","link":"http:\/\/argentinamunicipal.com.ar\/argentina\/municipalizacion-de-las-grutas-punta-del-este-depende-administrativamente-de-otra-ciudad-pero-se-ha-desarrollado\/","title":{"rendered":"Municipalizaci\u00f3n de Las Grutas: Punta del Este depende administrativamente de otra ciudad pero se ha desarrollado"},"content":{"rendered":"<p><a href=\"http:\/\/argentinamunicipal.com.ar\/argentina\/wp-content\/uploads\/2014\/07\/imp_4b2649904575d_800x604.jpg\"><img loading=\"lazy\" decoding=\"async\" class=\"aligncenter  wp-image-12073\" src=\"http:\/\/argentinamunicipal.com.ar\/argentina\/wp-content\/uploads\/2014\/07\/imp_4b2649904575d_800x604.jpg\" alt=\"imp_4b2649904575d_800x604\" width=\"750\" height=\"566\" srcset=\"http:\/\/argentinamunicipal.com.ar\/argentina\/wp-content\/uploads\/2014\/07\/imp_4b2649904575d_800x604.jpg 800w, http:\/\/argentinamunicipal.com.ar\/argentina\/wp-content\/uploads\/2014\/07\/imp_4b2649904575d_800x604-300x226.jpg 300w\" sizes=\"auto, (max-width: 750px) 100vw, 750px\" \/><\/a><\/p>\n<p>Andrea Mar\u00edn, de la Consultora Tur\u00edstica AS\u00cdS de Neuqu\u00e9n, opin\u00f3 que la sujeci\u00f3n administrativa de Las Grutas con San Antonio no tiene por qu\u00e9 perjudicar el desarrollo tur\u00edstico, de acuerdo a la experiencia que muestra Uruguay con Punta del Este y otros balnearios de ese pa\u00eds.<\/p>\n<p>Explic\u00f3 que Punta del Este como Piri\u00e1polis dependen administrativamente de la Intendencia de Maldonado, pero en funci\u00f3n de un presupuesto participativo y la descentralizaci\u00f3n de acciones, \u201cno han tenido inconvenientes\u201d. Indic\u00f3 que esta experiencia se puede trasladar a lo que es el Departamento San Antonio, en la relaci\u00f3n entre San Antonio, Las Grutas y el puerto.<\/p>\n<p>Mar\u00edn ha participado en Punta del Este, Uruguay, del Congreso Latinoamericano de Skal, tiene relaci\u00f3n con el Skal de Viedma-Patagones y otras organizaciones tur\u00edsticas de la regi\u00f3n pa\u00eds y recientemente realiz\u00f3 una charla sobre este tipo de tem\u00e1tica en San Antonio.<\/p>\n<p>La profesional tur\u00edstica explic\u00f3 que pudieron conocer \u201cpormenorizadamente\u201d c\u00f3mo funciona administrativamente el Departamento Maldonado, de Uruguay, de cuya intendencia depende Punta del Este, Piri\u00e1polis y otros seis centros urbanos.<\/p>\n<p>Indic\u00f3 que \u201cencontramos la misma analog\u00eda en el caso del Departamento San Antonio con respecto a Las Grutas, San Antonio y el puerto\u201d.<\/p>\n<p>Se\u00f1al\u00f3 que Maldonado, como n\u00facleo, maneja econ\u00f3micamente y administrativamente a ocho centros urbanos, pero \u201chay un presupuesto participativo, con lo cual todas las acciones que se hacen son planificadas perfectamente y permiten tener una disposici\u00f3n y una descentralizaci\u00f3n administrativo-econ\u00f3mica que permite no tener inconvenientes llegado el caso de accionar respecto a obras\u201d.<\/p>\n<p>\u201cPor lo que pudimos apreciar, con los aportes que nos dieron, es que perfectamente articulan acciones y no han tenido inconvenientes, hay una planificaci\u00f3n estrat\u00e9gica que funciona. Punta del Este tiene una trayectoria internacional, el 50% del ingreso tur\u00edstico del pa\u00eds sale de all\u00ed, as\u00ed que sin dudas hay una buena articulaci\u00f3n que se puede imitar, con lo cual la descentralizaci\u00f3n de acciones se puede hacer perfectamente\u201d, indic\u00f3.<\/p>\n<p>Inform\u00f3 que recientemente dio una charla en San Antonio, donde participaron empresarios tur\u00edsticos, el gabinete de la actual gesti\u00f3n municipal de Javier Iud y p\u00fablico en general, incluyendo de Las Grutas, donde se explay\u00f3 respecto a esta analog\u00eda que encontr\u00f3 entre otros dos centros tur\u00edsticos, Punta del Este en Uruguay, y Las Grutas, ac\u00e1 en R\u00edo Negro.<\/p>\n<p>Se\u00f1al\u00f3 al respecto que \u201cla receptividad fue muy importante, hubo buenas repercusiones, y creo que positiva para las dos partes, nosotros enriquecidos por el aporte de la gente, y ellos por contar con informaci\u00f3n que por ah\u00ed desconoc\u00edan\u201d.<\/p>\n<h6>Fuente: El Cordillerano<\/h6>\n","protected":false},"excerpt":{"rendered":"<p>Andrea Mar\u00edn, de la Consultora Tur\u00edstica AS\u00cdS de Neuqu\u00e9n, opin\u00f3 que la sujeci\u00f3n administrativa de Las Grutas con San Antonio no tiene por qu\u00e9 perjudicar el desarrollo tur\u00edstico, de acuerdo a la experiencia que muestra Uruguay con Punta del Este y otros balnearios de ese pa\u00eds. Explic\u00f3 que Punta del Este como Piri\u00e1polis dependen administrativamente<\/p>\n","protected":false},"author":2,"featured_media":12073,"comment_status":"closed","ping_status":"closed","sticky":false,"template":"","format":"standard","meta":{"footnotes":""},"categories":[2],"tags":[11],"class_list":["post-12072","post","type-post","status-publish","format-standard","has-post-thumbnail","hentry","category-informe-municipal","tag-rio-negro"],"_links":{"self":[{"href":"http:\/\/argentinamunicipal.com.ar\/argentina\/wp-json\/wp\/v2\/posts\/12072","targetHints":{"allow":["GET"]}}],"collection":[{"href":"http:\/\/argentinamunicipal.com.ar\/argentina\/wp-json\/wp\/v2\/posts"}],"about":[{"href":"http:\/\/argentinamunicipal.com.ar\/argentina\/wp-json\/wp\/v2\/types\/post"}],"author":[{"embeddable":true,"href":"http:\/\/argentinamunicipal.com.ar\/argentina\/wp-json\/wp\/v2\/users\/2"}],"replies":[{"embeddable":true,"href":"http:\/\/argentinamunicipal.com.ar\/argentina\/wp-json\/wp\/v2\/comments?post=12072"}],"version-history":[{"count":0,"href":"http:\/\/argentinamunicipal.com.ar\/argentina\/wp-json\/wp\/v2\/posts\/12072\/revisions"}],"wp:featuredmedia":[{"embeddable":true,"href":"http:\/\/argentinamunicipal.com.ar\/argentina\/wp-json\/wp\/v2\/media\/12073"}],"wp:attachment":[{"href":"http:\/\/argentinamunicipal.com.ar\/argentina\/wp-json\/wp\/v2\/media?parent=12072"}],"wp:term":[{"taxonomy":"category","embeddable":true,"href":"http:\/\/argentinamunicipal.com.ar\/argentina\/wp-json\/wp\/v2\/categories?post=12072"},{"taxonomy":"post_tag","embeddable":true,"href":"http:\/\/argentinamunicipal.com.ar\/argentina\/wp-json\/wp\/v2\/tags?post=12072"}],"curies":[{"name":"wp","href":"https:\/\/api.w.org\/{rel}","templated":true}]}}