{"id":120728,"date":"2021-11-23T05:00:40","date_gmt":"2021-11-23T08:00:40","guid":{"rendered":"http:\/\/argentinamunicipal.com.ar\/argentina\/?p=120728"},"modified":"2021-11-22T19:38:15","modified_gmt":"2021-11-22T22:38:15","slug":"el-gobierno-mira-a-las-provincias-disena-un-nuevo-consenso-fiscal-y-ejecuta-obra-publica","status":"publish","type":"post","link":"http:\/\/argentinamunicipal.com.ar\/argentina\/el-gobierno-mira-a-las-provincias-disena-un-nuevo-consenso-fiscal-y-ejecuta-obra-publica\/","title":{"rendered":"El Gobierno mira a las provincias, dise\u00f1a un nuevo Consenso Fiscal y ejecuta obra p\u00fablica"},"content":{"rendered":"<p>Con la esperanza de haber superado la peor parte de la pandemia, el Presidente enfrenta un mes clave para avanzar en la elaboraci\u00f3n de un plan plurianual que enviar\u00e1 al Congreso y que fijar\u00e1 las metas econ\u00f3micas para los pr\u00f3ximos a\u00f1os.<\/p>\n<p>El presidente Alberto Fern\u00e1ndez encara la segunda parte de su gesti\u00f3n dejando atr\u00e1s las elecciones de medio t\u00e9rmino, con la esperanza de haber superado la peor parte de la pandemia y buscando redise\u00f1ar su relaci\u00f3n con diversos actores pol\u00edticos e institucionales, entre ellas, la que lo une a los mandatarios provinciales.<\/p>\n<p>Tal como adelant\u00f3 en sus discursos de la \u00faltima semana, el Presidente enfrenta un mes de diciembre clave para avanzar en el di\u00e1logo con la oposici\u00f3n y la elaboraci\u00f3n de un plan plurianual que enviar\u00e1 al Congreso y que fijar\u00e1 las metas econ\u00f3micas para los pr\u00f3ximos a\u00f1os, de cara a un acuerdo con el Fondo Monetario Internacional (FMI).<\/p>\n<p><strong>Acuerdo con el FMI<\/strong><\/p>\n<p>Si bien la agenda de los pr\u00f3ximos meses parece tener como tema excluyente el acuerdo con el FMI -y m\u00e1s all\u00e1 de la posibilidad de que algunos de los gobernadores opositores sean convocados al di\u00e1logo anunciado d\u00edas atr\u00e1s por el Jefe de Estado- el v\u00ednculo entre la Presidencia y las capitales provinciales ser\u00e1, obligadamente, en base a un temario m\u00e1s amplio.<\/p>\n<p>En la Casa Rosada se entiende que el jefe de Gabinete, Juan Manzur; y el ministro de Interior, Eduardo \u00abWado\u00bb de Pedro son dos interlocutores privilegiados para llevar adelante la relaci\u00f3n entre el Poder Ejecutivo Nacional y las jurisdicciones.<\/p>\n<p>\u00abSe conocen, saben trabajar en t\u00e1ndem\u00bb, coment\u00f3 a T\u00e9lam una fuente que trabaja cotidianamente con ambos.<\/p>\n<p>La coordinaci\u00f3n entre Manzur y De Pedro hace que, por estas horas, sean vistos en los pasillos de Balcarce 50 como los posibles encargados de llevar adelante un \u00abcap\u00edtulo de reuniones extraparlamentarias\u00bb por el tema FMI con los mandatarios provinciales, mientras que el titular de la C\u00e1mara de Diputados, Sergio Massa, podr\u00eda hacer lo propio desde el Congreso con los representantes legislativos.<\/p>\n<p><strong>Consenso Fiscal<\/strong><\/p>\n<p>Pero, por fuera del tema central que supone la negociaci\u00f3n por la deuda, la relaci\u00f3n estar\u00e1 signada en el corto plazo por el Consenso Fiscal que, desde hace varios a\u00f1os, se firma a mediados de diciembre.<\/p>\n<p>Respecto de la adhesi\u00f3n o al posible rechazo a ese compromiso, los equipos que ya trabajan en la confecci\u00f3n de borradores subrayan que, desde que Alberto Fern\u00e1ndez lleg\u00f3 a la Presidencia, los acuerdos fiscales han sido suscriptos mayoritariamente, con niveles de adhesi\u00f3n mayores a los conseguidos durante el macrismo.<\/p>\n<p>\u00abEl primer a\u00f1o, s\u00f3lo falt\u00f3 un gobernador que no hab\u00eda asumido. El a\u00f1o pasado, (Horacio) Rodr\u00edguez Larreta y (Juan) Schiaretti. La verdad, no es una cuesti\u00f3n de que los opositores no firman. Firman por que tenemos un muy buen di\u00e1logo con los gobernadores opositores\u00bb, se\u00f1alaron en Casa Rosada.<\/p>\n<p>De Pedro, desde el inicio de su gesti\u00f3n, ha buscado diferenciarse del macrismo, al que califica como \u00abdiscrecional\u00bb a la hora de distribuir recursos y obras: en ese an\u00e1lisis incluye el otorgamiento -por decreto- de fondos para la Polic\u00eda de la Ciudad y el financiamiento del \u00abPaseo del Bajo\u00bb porte\u00f1o, que podr\u00eda haberse utilizado para decenas de obras vitales en las provincias.<\/p>\n<p>\u00abTuvimos una fuerza pol\u00edtica que gobern\u00f3 cuatro a\u00f1os, centralista, una fuerza pol\u00edtica que naci\u00f3 en la Ciudad de Buenos Aires con un desprecio hacia la pol\u00edtica y el interior\u00bb, dijo el viernes en un acto junto a Juan Manzur.<\/p>\n<p>El tucumano, por su parte, conoce en carne propia los avatares que puede suponer el consenso fiscal.<\/p>\n<p>Esta semana, una persona que trabaja cotidianamente junto al Jefe de Gabinete coment\u00f3 a la prensa acreditada en Casa Rosada el traum\u00e1tico v\u00ednculo que manten\u00eda con el macrismo: \u00abNo le giraban fondos y le propon\u00edan que se endeudara, cosa que el no hizo. Durante al menos dos a\u00f1os, Tucum\u00e1n vivi\u00f3 pr\u00e1cticamente con lo suyo, pagando sueldos y pudiendo hacer muy pocas cosas de las importantes\u00bb.<\/p>\n<p><strong>Obra p\u00fablica<\/strong><\/p>\n<p>Pero, adem\u00e1s de la cuesti\u00f3n fiscal, la relaci\u00f3n entre el Gobierno y los estados provinciales estar\u00e1 mediada por la obra p\u00fablica, una inversi\u00f3n \u00abvirtuosa\u00bb desde la perspectiva social, porque impulsa especialmente el empleo local y, con \u00e9l, la reactivaci\u00f3n de la econom\u00eda.<\/p>\n<p>En lo que refiere a la planificaci\u00f3n y la ejecuci\u00f3n de los emprendimientos hay dos oficinas que son centrales: la de Obras P\u00fablicas que conduce Gabriel Katopodis; y el Ministerio de H\u00e1bitat, de Jorge Ferraresi.<\/p>\n<p>Cerca del exjefe comunal de San Mart\u00edn exhiben en estos d\u00edas una planilla de c\u00e1lculo que muestra montos millonarios, con emprendimientos en ejecuci\u00f3n y por ejecutar, distribuidos de manera federal.<\/p>\n<p>\u00abLas obras llevan diferentes tiempos. Est\u00e1n las que se realizan en 2, 3 meses, varias en medio a\u00f1o y muchas en 2, 3, 4, 5 a\u00f1os o m\u00e1s, dependiendo del tama\u00f1o y el impacto. Entonces los valores no pueden ser tomados como valores absolutos del a\u00f1o 2021 o 2021\/2022, porque hay trabajos que se extienden m\u00e1s all\u00e1 del 2023 incluso\u00bb, explican desde esa repartici\u00f3n.<\/p>\n<p>Aclarado ese punto, el Ministerio tiene bajo el concepto \u00abproyectos\u00bb unas 1382 obras por 170 mil millones de pesos distribuidas en todo el pa\u00eds.<\/p>\n<p>Por otra parte, en H\u00e1bitat afirmaron que en diciembre de este a\u00f1o estar\u00e1n entregando la vivienda n\u00famero 30 mil y que habr\u00e1 115 mil en ejecuci\u00f3n.<\/p>\n<p>En ese punto, el trabajo de los gobernadores es preponderante ya que la concreci\u00f3n de los desarrollos habitacionales depende -en buena medida- de la capacidad de los ejecutivos provinciales para conseguir terrenos y dotarlos de conectividad.<\/p>\n<p>As\u00ed, con interlocutores probados, con otros que aportan desde la experiencia de haber estado \u00abgestionando desde el otro lado del mostrador\u00bb y a trav\u00e9s de la obra p\u00fablica, la Casa Rosada buscar\u00e1 reforzar su presencia en el territorio.<\/p>\n<p>Al ser consultado sobre lo que vendr\u00e1 en este campo, un influyente funcionario concluy\u00f3: \u00abEl a\u00f1o que viene va a ser, esperemos, el primero normal. Se va a poder viajar, se va a poder mostrar todo lo que no se pudo hacer antes por la pandemia, se van a poder &#8216;cortar cintas&#8217; en todo el pa\u00eds. Eso tambi\u00e9n va a contribuir a que se perciba mejor el trabajo del Gobierno que qued\u00f3 invisibilizado por el coronavirus\u00bb.<\/p>\n<h6>Fuente: Telam<\/h6>\n","protected":false},"excerpt":{"rendered":"<p>Con la esperanza de haber superado la peor parte de la pandemia,\u00a0el Presidente enfrenta un mes clave para avanzar en la elaboraci\u00f3n de un plan plurianual que enviar\u00e1 al Congreso y que fijar\u00e1 las metas econ\u00f3micas para los pr\u00f3ximos a\u00f1os.<\/p>\n","protected":false},"author":2,"featured_media":120729,"comment_status":"closed","ping_status":"closed","sticky":false,"template":"","format":"standard","meta":{"footnotes":""},"categories":[8],"tags":[21],"class_list":["post-120728","post","type-post","status-publish","format-standard","has-post-thumbnail","hentry","category-informe-nacional","tag-argentina"],"_links":{"self":[{"href":"http:\/\/argentinamunicipal.com.ar\/argentina\/wp-json\/wp\/v2\/posts\/120728","targetHints":{"allow":["GET"]}}],"collection":[{"href":"http:\/\/argentinamunicipal.com.ar\/argentina\/wp-json\/wp\/v2\/posts"}],"about":[{"href":"http:\/\/argentinamunicipal.com.ar\/argentina\/wp-json\/wp\/v2\/types\/post"}],"author":[{"embeddable":true,"href":"http:\/\/argentinamunicipal.com.ar\/argentina\/wp-json\/wp\/v2\/users\/2"}],"replies":[{"embeddable":true,"href":"http:\/\/argentinamunicipal.com.ar\/argentina\/wp-json\/wp\/v2\/comments?post=120728"}],"version-history":[{"count":0,"href":"http:\/\/argentinamunicipal.com.ar\/argentina\/wp-json\/wp\/v2\/posts\/120728\/revisions"}],"wp:featuredmedia":[{"embeddable":true,"href":"http:\/\/argentinamunicipal.com.ar\/argentina\/wp-json\/wp\/v2\/media\/120729"}],"wp:attachment":[{"href":"http:\/\/argentinamunicipal.com.ar\/argentina\/wp-json\/wp\/v2\/media?parent=120728"}],"wp:term":[{"taxonomy":"category","embeddable":true,"href":"http:\/\/argentinamunicipal.com.ar\/argentina\/wp-json\/wp\/v2\/categories?post=120728"},{"taxonomy":"post_tag","embeddable":true,"href":"http:\/\/argentinamunicipal.com.ar\/argentina\/wp-json\/wp\/v2\/tags?post=120728"}],"curies":[{"name":"wp","href":"https:\/\/api.w.org\/{rel}","templated":true}]}}