{"id":120752,"date":"2021-11-23T05:40:10","date_gmt":"2021-11-23T08:40:10","guid":{"rendered":"http:\/\/argentinamunicipal.com.ar\/argentina\/?p=120752"},"modified":"2021-11-22T20:22:54","modified_gmt":"2021-11-22T23:22:54","slug":"avanza-la-intencion-de-bajar-la-edad-requerida-para-candidaturas-en-municipios-santafesinos","status":"publish","type":"post","link":"http:\/\/argentinamunicipal.com.ar\/argentina\/avanza-la-intencion-de-bajar-la-edad-requerida-para-candidaturas-en-municipios-santafesinos\/","title":{"rendered":"Avanza la intenci\u00f3n de bajar la edad requerida para candidaturas en municipios santafesinos"},"content":{"rendered":"<p>La C\u00e1mara de Diputados vot\u00f3 la reforma a la ley de municipios que fij\u00f3 el l\u00edmite en 22 a\u00f1os. El prop\u00f3sito es equipararlo con la mayor\u00eda de edad fijada por el C\u00f3digo Civil.<\/p>\n<p>La C\u00e1mara de Diputados dio media sanci\u00f3n a una reforma a la vieja ley de Municipios -a\u00f1o 1939- para habilitar que los mayores de 18 a\u00f1os puedan ser candidatos a intendentes o a concejales en sus respectivas ciudades. La ley mantiene a\u00fan los 22 a\u00f1os como requisito.<\/p>\n<p>El diputado\u00a0Gabriel Real\u00a0(PDP) obtuvo el apoyo un\u00e1nime de sus pares para el Proyecto de Ley de su autor\u00eda, por el cual se modifica el art\u00edculo 22\u00ba de la Ley N\u00ba 2.439 (Ley Org\u00e1nica de Comunas), a los fines de\u00a0\u201cincorporar a los m\u00e1s j\u00f3venes, mayores de 18 a\u00f1os, a la tarea de administrar los intereses locales, en este caso comunales\u201d,\u00a0y se comunic\u00f3 la media sanci\u00f3n al Senado para que complete el procedimiento parlamentario con la correspondiente sanci\u00f3n definitiva a la mayor brevedad posible.<\/p>\n<p>Con la modificaci\u00f3n del art\u00edculo 22\u00ba de la Ley Provincial N\u00ba 2.439 (Ley Org\u00e1nica de Comunas), \u201cpara ser miembro titular o suplente de las Comisiones Comunales se requiere:\u00a0tener m\u00e1s de 18 a\u00f1os de edad; saber leer y escribir; ser elector inscripto en el municipio (comuna) y contar con mas de dos (2) a\u00f1os de residencia inmediata en el mismo\u201d.<\/p>\n<p>\u201cReconociendo que los ciudadanos adquieren capacidad en relaci\u00f3n a sus derechos y obligaciones a los 18 a\u00f1os, veo necesario\u00a0actualizar\u00a0la presente Ley Org\u00e1nica de Comunas para ampliar el goce pleno de los derechos pol\u00edticos electorales a este sector que particularmente estaba excluido del mismo\u201d, argument\u00f3 Real.<\/p>\n<p>\u201cLa propuesta de incorporar a los m\u00e1s j\u00f3venes a la tarea de administrar los intereses locales como candidatos y con la posibilidad de ejercer funciones de gobierno, para el Partido Dem\u00f3crata Progresista, no es novedosa\u201d, expres\u00f3 Gabriel Real, y a\u00f1adi\u00f3 que \u201ces consecuente con sus\u00a0hist\u00f3ricos\u00a0planteos de organizaci\u00f3n de los gobiernos en base a comunas y municipios aut\u00f3nomos\u201d.<\/p>\n<h6>Fuente: Sin MOrdaza<\/h6>\n","protected":false},"excerpt":{"rendered":"<p>La C\u00e1mara de Diputados vot\u00f3 la reforma a la ley de municipios que fij\u00f3 el l\u00edmite en 22 a\u00f1os. El prop\u00f3sito es equipararlo con la mayor\u00eda de edad fijada por el C\u00f3digo Civil.<\/p>\n","protected":false},"author":2,"featured_media":120753,"comment_status":"closed","ping_status":"closed","sticky":false,"template":"","format":"standard","meta":{"footnotes":""},"categories":[4],"tags":[10],"class_list":["post-120752","post","type-post","status-publish","format-standard","has-post-thumbnail","hentry","category-informe-politico","tag-santa-fe"],"_links":{"self":[{"href":"http:\/\/argentinamunicipal.com.ar\/argentina\/wp-json\/wp\/v2\/posts\/120752","targetHints":{"allow":["GET"]}}],"collection":[{"href":"http:\/\/argentinamunicipal.com.ar\/argentina\/wp-json\/wp\/v2\/posts"}],"about":[{"href":"http:\/\/argentinamunicipal.com.ar\/argentina\/wp-json\/wp\/v2\/types\/post"}],"author":[{"embeddable":true,"href":"http:\/\/argentinamunicipal.com.ar\/argentina\/wp-json\/wp\/v2\/users\/2"}],"replies":[{"embeddable":true,"href":"http:\/\/argentinamunicipal.com.ar\/argentina\/wp-json\/wp\/v2\/comments?post=120752"}],"version-history":[{"count":0,"href":"http:\/\/argentinamunicipal.com.ar\/argentina\/wp-json\/wp\/v2\/posts\/120752\/revisions"}],"wp:featuredmedia":[{"embeddable":true,"href":"http:\/\/argentinamunicipal.com.ar\/argentina\/wp-json\/wp\/v2\/media\/120753"}],"wp:attachment":[{"href":"http:\/\/argentinamunicipal.com.ar\/argentina\/wp-json\/wp\/v2\/media?parent=120752"}],"wp:term":[{"taxonomy":"category","embeddable":true,"href":"http:\/\/argentinamunicipal.com.ar\/argentina\/wp-json\/wp\/v2\/categories?post=120752"},{"taxonomy":"post_tag","embeddable":true,"href":"http:\/\/argentinamunicipal.com.ar\/argentina\/wp-json\/wp\/v2\/tags?post=120752"}],"curies":[{"name":"wp","href":"https:\/\/api.w.org\/{rel}","templated":true}]}}