{"id":120770,"date":"2021-11-24T05:40:32","date_gmt":"2021-11-24T08:40:32","guid":{"rendered":"http:\/\/argentinamunicipal.com.ar\/argentina\/?p=120770"},"modified":"2021-11-23T19:08:57","modified_gmt":"2021-11-23T22:08:57","slug":"argentina-busca-facilitar-la-incorporacion-de-trabajadores-al-empleo-formal","status":"publish","type":"post","link":"http:\/\/argentinamunicipal.com.ar\/argentina\/argentina-busca-facilitar-la-incorporacion-de-trabajadores-al-empleo-formal\/","title":{"rendered":"Argentina busca facilitar la incorporaci\u00f3n de trabajadores al empleo formal"},"content":{"rendered":"<p>El Gobierno nacional lanz\u00f3 oficialmente este martes la iniciativa. Incluye el beneficio de reducci\u00f3n transitoria de contribuciones patronales para empleadores del sector privado.<\/p>\n<p>El Gobierno lanz\u00f3 oficialmente hoy un programa para asistir a trabajadores con dificultades para ingresar al empleo formal, que incluye el beneficio de reducci\u00f3n transitoria de contribuciones patronales para empleadores del sector privado.<\/p>\n<p>La iniciativa, denominada \u00abFomentar Empleo\u00bb, ofrecer\u00e1 servicios de orientaci\u00f3n laboral y asistencia en la b\u00fasqueda de empleo, servicios de intermediaci\u00f3n laboral, servicios de formaci\u00f3n profesional y la posibilidad de certificar competencias laborales.<\/p>\n<p>Tambi\u00e9n se podr\u00e1 acceder a prestaciones espec\u00edficas, como pr\u00e1cticas en ambientes de trabajo y acciones de promoci\u00f3n para la inserci\u00f3n en el empleo registrado.<\/p>\n<p>As\u00ed lo estableci\u00f3 la Resoluci\u00f3n 647\/2021 del Ministerio de Trabajo, publicada este martes en el Bolet\u00edn Oficial.<\/p>\n<p>\u00abCr\u00e9ase el Programa Fomentar Empleo que tiene por objeto asistir a trabajadoras y trabajadores con dificultades para ingresar al empleo formal en el desarrollo de su proyecto ocupacional, a trav\u00e9s del acceso a prestaciones que les permitan mejorar sus competencias laborales e insertarse en empleos de calidad\u00bb, seg\u00fan el texto oficial.<\/p>\n<p>Seg\u00fan lo dispuesto, la iniciativa est\u00e1 destinada a trabajadores de 18 a\u00f1os de edad o m\u00e1s que se encuentren en b\u00fasqueda activa de empleo y que al momento de solicitar su incorporaci\u00f3n al Programa y de acceder a cada prestaci\u00f3n, no cuenten con trabajo registrado en el sistema de seguridad social dentro de los \u00faltimos tres meses de informaci\u00f3n disponible, con excepci\u00f3n del Monotributo Social y del R\u00e9gimen Especial de Contrato de Trabajo para el Personal de Casas Particulares.<\/p>\n<p>As\u00ed, dentro de la poblaci\u00f3n objetivo general establecida por la Resoluci\u00f3n, Fomentar Empleo brindar\u00e1 un tratamiento especial a los siguientes grupos poblacionales: j\u00f3venes de 18 a 24 a\u00f1os, inclusive; mujeres de 25 a 59 a\u00f1os; varones de 45 a 64 a\u00f1os, y personas de la diversidad sexo gen\u00e9rica.<\/p>\n<p>Las prestaciones generales y espec\u00edficas del Programa se instrumentar\u00e1n a trav\u00e9s del Portal Empleo, y de planes y\/o programas prestacionales implementados o a implementarse por el Ministerio de Trabajo.<\/p>\n<p>En consecuencia, los trabajadores destinatarios interesados en acceder a Fomentar Empleo deber\u00e1n registrar sus datos personales y completar su historia laboral en ese Portal, y manifestar su voluntad de incorporarse al presente Programa.<\/p>\n<p>Adem\u00e1s, Trabajo dispuso incluir a este nuevo instrumento de b\u00fasqueda laboral dentro de la n\u00f3mina de pol\u00edticas y programas educativos, de formaci\u00f3n y empleo y de intermediaci\u00f3n comprendidos por el beneficio de reducci\u00f3n transitoria de contribuciones patronales para empleadores del sector privado, establecido por el Decreto N\u00b0 493\/2021.<\/p>\n<p>El Poder Ejecutivo justific\u00f3 la creaci\u00f3n de este Programa al se\u00f1alar que \u00abla informalidad laboral y el desempleo se presentan entre las principales problem\u00e1ticas laborales que aquejan al mercado de trabajo argentino\u00bb.<\/p>\n<p>EXPORTACIONES SANTAFESINAS CRECIERON CASI 60%<br \/>\nEn el per\u00edodo enero &#8211; septiembre de 2021 las exportaciones con origen en la provincia de Santa Fe alcanzaron un valor de U$ S 13.779,4 millones.<br \/>\nLas mismas aumentaron 58,7% respecto del mismo per\u00edodo del a\u00f1o anterior.<br \/>\nLos vol\u00famenes exportados, medidos en toneladas, presentaron una suba de 12,2%, mientras que los precios, expresados en d\u00f3lares por tonelada, subieron 41,5% en relaci\u00f3n a enero \u2013 septiembre de 2020.<br \/>\nEl monto de las exportaciones de Productos Primarios en el per\u00edodo analizado fue de U$ S 1.860,6 millones, 17% m\u00e1s que en el mismo per\u00edodo de 2020. Las cantidades medidas en toneladas disminuyeron 13,6%, acompa\u00f1ado por un aumento en los precios de 35,5%.<br \/>\nEn los nueve meses de 2021, las ventas externas de Manufacturas de Origen Agropecuario totalizaron U$ S10.041,8 millones, y mostraron un aumento de 64,3% en relaci\u00f3n al mismo per\u00edodo del a\u00f1o anterior. En t\u00e9rminos de toneladas, las exportaciones aumentaron 24%, y los precios medios aumentaron 32,5%.<br \/>\nSe registraron exportaciones de Manufacturas de Origen Industrial por un monto de U$ S 1.809,3 millones, 92% m\u00e1s que en igual per\u00edodo del a\u00f1o 2020. Los vol\u00famenes exportados registraron un aumento de 52,7%, acompa\u00f1ado por una variaci\u00f3n interanual de precios positiva de 25,7%.<br \/>\nEl valor exportado de Combustibles y Energ\u00eda fue de U$ S 67,7 millones, reflejando una variaci\u00f3n interanual positiva de 65,5%. Las cantidades exportadas aumentaron 14,5% y los precios aumentaron 44,5%.<\/p>\n<h6>Fuente: El Litoral<\/h6>\n","protected":false},"excerpt":{"rendered":"<p>El Gobierno nacional lanz\u00f3 oficialmente este martes la iniciativa. Incluye el beneficio de reducci\u00f3n transitoria de contribuciones patronales para empleadores del sector privado.<\/p>\n","protected":false},"author":2,"featured_media":120771,"comment_status":"closed","ping_status":"closed","sticky":false,"template":"","format":"standard","meta":{"footnotes":""},"categories":[8],"tags":[21],"class_list":["post-120770","post","type-post","status-publish","format-standard","has-post-thumbnail","hentry","category-informe-nacional","tag-argentina"],"_links":{"self":[{"href":"http:\/\/argentinamunicipal.com.ar\/argentina\/wp-json\/wp\/v2\/posts\/120770","targetHints":{"allow":["GET"]}}],"collection":[{"href":"http:\/\/argentinamunicipal.com.ar\/argentina\/wp-json\/wp\/v2\/posts"}],"about":[{"href":"http:\/\/argentinamunicipal.com.ar\/argentina\/wp-json\/wp\/v2\/types\/post"}],"author":[{"embeddable":true,"href":"http:\/\/argentinamunicipal.com.ar\/argentina\/wp-json\/wp\/v2\/users\/2"}],"replies":[{"embeddable":true,"href":"http:\/\/argentinamunicipal.com.ar\/argentina\/wp-json\/wp\/v2\/comments?post=120770"}],"version-history":[{"count":0,"href":"http:\/\/argentinamunicipal.com.ar\/argentina\/wp-json\/wp\/v2\/posts\/120770\/revisions"}],"wp:featuredmedia":[{"embeddable":true,"href":"http:\/\/argentinamunicipal.com.ar\/argentina\/wp-json\/wp\/v2\/media\/120771"}],"wp:attachment":[{"href":"http:\/\/argentinamunicipal.com.ar\/argentina\/wp-json\/wp\/v2\/media?parent=120770"}],"wp:term":[{"taxonomy":"category","embeddable":true,"href":"http:\/\/argentinamunicipal.com.ar\/argentina\/wp-json\/wp\/v2\/categories?post=120770"},{"taxonomy":"post_tag","embeddable":true,"href":"http:\/\/argentinamunicipal.com.ar\/argentina\/wp-json\/wp\/v2\/tags?post=120770"}],"curies":[{"name":"wp","href":"https:\/\/api.w.org\/{rel}","templated":true}]}}