{"id":120773,"date":"2021-11-24T05:00:39","date_gmt":"2021-11-24T08:00:39","guid":{"rendered":"http:\/\/argentinamunicipal.com.ar\/argentina\/?p=120773"},"modified":"2021-11-23T19:13:37","modified_gmt":"2021-11-23T22:13:37","slug":"feletti-se-reunio-con-mayoristas-para-avanzar-en-canasta-amplia-y-diversa-para-comercios-barriales","status":"publish","type":"post","link":"http:\/\/argentinamunicipal.com.ar\/argentina\/feletti-se-reunio-con-mayoristas-para-avanzar-en-canasta-amplia-y-diversa-para-comercios-barriales\/","title":{"rendered":"Feletti se reuni\u00f3 con mayoristas para avanzar en \u00abcanasta amplia y diversa\u00bb para comercios barriales"},"content":{"rendered":"<p>El objetivo es lograr un mecanismo espec\u00edfico con m\u00e1rgenes de ganancia \u00absensatos\u00bb para los comercios minoristas que permitan que los precios est\u00e9n en el orden que establece la resoluci\u00f3n, sin que eso implique p\u00e9rdida de rentabilidad para los sectores m\u00e1s chicos.<\/p>\n<p>El secretario de Comercio Interior, Roberto Feletti, se reuni\u00f3 con empresas mayoristas para avanzar en la implementaci\u00f3n de +Precios Cuidados en comercios minoristas y consolidar una \u00abcanasta amplia y diversa\u00bb para los consumidores.<\/p>\n<p>\u00abTenemos la voluntad de llegar a un acuerdo, a una canasta consensuada, en base a una oferta de productos que contemple una oferta diversa y con precios accesibles\u00bb, se\u00f1alaron fuentes de la Secretar\u00eda tras el encuentro.<\/p>\n<p>En la reuni\u00f3n estuvieron presentes Feletti, la subsecretaria de Acciones Para la Defensa de las y los Consumidores, D\u00e9bora Giorgi, y el subsecretario de Pol\u00edticas para el Mercado Interno, Antonio Mezmezian.<\/p>\n<p>Por el\u00a0sector privado participaron representantes de las empresas Micropack, Parodi SRL, Yaguar, Vital, Nini, Maxiconsumo, Diarco y Makro.<\/p>\n<p>Desde la dependencia oficial dijeron que ser\u00e1n \u00abmuy estrictos con el cumplimiento del programa +Precios Cuidados, cuya vigencia se extiende hasta el 7 de enero de 2022\u00bb dado que \u00abel objetivo es cuidar los ingresos y el esfuerzo de las familias, sobre todo considerando que se acercan las primeras Fiestas que podremos compartir con nuestros seres queridos despu\u00e9s de la pandemia\u00bb.<\/p>\n<p>\u00abLos argentinos y las argentinas necesitan previsibilidad y certidumbre, responder a esa necesidad es tambi\u00e9n un objetivo de esta pol\u00edtica del Gobierno\u00bb, remarcaron.<\/p>\n<p>Tambi\u00e9n confirmaron que la idea es ahora \u00abempezar a discutir la pr\u00f3xima fase del programa de forma consensuada entre todos los actores, para consolidar una canasta amplia y diversa\u00bb.<\/p>\n<p>\u00abSabemos que la cadena de comercializaci\u00f3n es larga y diversa; por lo mismo, instrumentaremos todas las instancias necesarias para escuchar a todos los actores y poder llegar as\u00ed a un consenso durante los primeros d\u00edas de enero\u00bb, agregaron las fuentes.<\/p>\n<p>En ese sentido, indicaron que \u00abestamos trabajando para generar un esquema que permita monitorear el cumplimiento del programa para lograr mayor transparencia y precisi\u00f3n de la informaci\u00f3n, base del acuerdo y el consenso que queremos lograr\u00bb.<\/p>\n<p>Asimismo, se\u00f1alaron que \u00abes necesario contar con la informaci\u00f3n necesaria para ir ajustando y modificando la canasta en funci\u00f3n de las necesidades que surjan, siempre priorizando el acceso de las y los consumidores a la misma\u00bb.<\/p>\n<p>Desde Comercio Interior se\u00f1alaron tambi\u00e9n la decisi\u00f3n de relanzar y ampliar el programa S\u00faper Cerca, d\u00e1ndole una fuerte impronta regional, con el \u00e1nimo de ampliar la participaci\u00f3n del sector de las pymes.<\/p>\n<p>\u00abHay una preocupaci\u00f3n del Gobierno por generar un proceso de ampliaci\u00f3n de oferta, incorporar nuevos actores para generar diversidad tanto en la producci\u00f3n como en la comercializaci\u00f3n, lo que va a redundar en beneficio de los consumidores\u00bb, concluyeron las fuentes.<\/p>\n<h6>Fuente: Telam<\/h6>\n","protected":false},"excerpt":{"rendered":"<p>El objetivo es lograr un mecanismo espec\u00edfico con m\u00e1rgenes de ganancia \u00absensatos\u00bb para los comercios minoristas que permitan que los precios est\u00e9n en el orden que establece la resoluci\u00f3n, sin que eso implique p\u00e9rdida de rentabilidad para los sectores m\u00e1s chicos.<\/p>\n","protected":false},"author":2,"featured_media":120774,"comment_status":"closed","ping_status":"closed","sticky":false,"template":"","format":"standard","meta":{"footnotes":""},"categories":[8],"tags":[21],"class_list":["post-120773","post","type-post","status-publish","format-standard","has-post-thumbnail","hentry","category-informe-nacional","tag-argentina"],"_links":{"self":[{"href":"http:\/\/argentinamunicipal.com.ar\/argentina\/wp-json\/wp\/v2\/posts\/120773","targetHints":{"allow":["GET"]}}],"collection":[{"href":"http:\/\/argentinamunicipal.com.ar\/argentina\/wp-json\/wp\/v2\/posts"}],"about":[{"href":"http:\/\/argentinamunicipal.com.ar\/argentina\/wp-json\/wp\/v2\/types\/post"}],"author":[{"embeddable":true,"href":"http:\/\/argentinamunicipal.com.ar\/argentina\/wp-json\/wp\/v2\/users\/2"}],"replies":[{"embeddable":true,"href":"http:\/\/argentinamunicipal.com.ar\/argentina\/wp-json\/wp\/v2\/comments?post=120773"}],"version-history":[{"count":0,"href":"http:\/\/argentinamunicipal.com.ar\/argentina\/wp-json\/wp\/v2\/posts\/120773\/revisions"}],"wp:featuredmedia":[{"embeddable":true,"href":"http:\/\/argentinamunicipal.com.ar\/argentina\/wp-json\/wp\/v2\/media\/120774"}],"wp:attachment":[{"href":"http:\/\/argentinamunicipal.com.ar\/argentina\/wp-json\/wp\/v2\/media?parent=120773"}],"wp:term":[{"taxonomy":"category","embeddable":true,"href":"http:\/\/argentinamunicipal.com.ar\/argentina\/wp-json\/wp\/v2\/categories?post=120773"},{"taxonomy":"post_tag","embeddable":true,"href":"http:\/\/argentinamunicipal.com.ar\/argentina\/wp-json\/wp\/v2\/tags?post=120773"}],"curies":[{"name":"wp","href":"https:\/\/api.w.org\/{rel}","templated":true}]}}