{"id":12078,"date":"2014-07-23T09:13:25","date_gmt":"2014-07-23T12:13:25","guid":{"rendered":"http:\/\/argentinamunicipal.com.ar\/argentina\/?p=12078"},"modified":"2014-07-23T09:13:25","modified_gmt":"2014-07-23T12:13:25","slug":"destinan-25-millones-de-pesos-en-reequipamiento-municipal-en-parana","status":"publish","type":"post","link":"http:\/\/argentinamunicipal.com.ar\/argentina\/destinan-25-millones-de-pesos-en-reequipamiento-municipal-en-parana\/","title":{"rendered":"Destinan 25 millones de pesos en reequipamiento municipal en Paran\u00e1"},"content":{"rendered":"<div id=\"attachment_12079\" style=\"width: 771px\" class=\"wp-caption aligncenter\"><a href=\"http:\/\/argentinamunicipal.com.ar\/argentina\/wp-content\/uploads\/2014\/07\/reequipamiento.jpg_2069580699.jpg\"><img loading=\"lazy\" decoding=\"async\" aria-describedby=\"caption-attachment-12079\" class=\"size-full wp-image-12079\" src=\"http:\/\/argentinamunicipal.com.ar\/argentina\/wp-content\/uploads\/2014\/07\/reequipamiento.jpg_2069580699.jpg\" alt=\"Prioridad. Se pretende mejorar el servicio de recolecci\u00f3n de residuos.\" width=\"761\" height=\"507\" srcset=\"http:\/\/argentinamunicipal.com.ar\/argentina\/wp-content\/uploads\/2014\/07\/reequipamiento.jpg_2069580699.jpg 761w, http:\/\/argentinamunicipal.com.ar\/argentina\/wp-content\/uploads\/2014\/07\/reequipamiento.jpg_2069580699-300x199.jpg 300w\" sizes=\"auto, (max-width: 761px) 100vw, 761px\" \/><\/a><p id=\"caption-attachment-12079\" class=\"wp-caption-text\">Prioridad. Se pretende mejorar el servicio de recolecci\u00f3n de residuos.<\/p><\/div>\n<p>Tras autorizaci\u00f3n del Concejo para el plan de inversiones, licitaron compra de compactadores, volcadores, atmosf\u00e9ricos, lavadores e hidroelevadores.<\/p>\n<p>Antes de fin de a\u00f1o, la flota de veh\u00edculos de la Municipalidad tendr\u00e1 m\u00e1s camiones compactadores, volcadores, atmosf\u00e9ricos, lavadores e hidroelevadores, a partir de la inversi\u00f3n de 25 millones de pesos.<\/p>\n<p>Detr\u00e1s de ese prop\u00f3sito que pretende mejorar la prestaci\u00f3n del servicio de recolecci\u00f3n de residuos, se abrieron ayer los sobres correspondientes a la Licitaci\u00f3n N\u00ba 103\/14.<\/p>\n<p>Contempla la adquisici\u00f3n de siete nuevos camiones con compactador de residuos; un cami\u00f3n con tanque atmosf\u00e9rico; siete camiones con caja volcadora de 8 metros c\u00fabicos; un cami\u00f3n con caja volcadora de 4 metros c\u00fabicos; un cami\u00f3n con tanque regador, un equipo de lavado automatizado de contenedores; un compactador automatizado de residuos; dos utilitarios con hidroelevador y dos camiones con gr\u00faa articulada.<\/p>\n<p>La intendenta, Blanca Osuna, acompa\u00f1ada por los secretarios de Gobierno y de Hacienda, Sergio Granetto y Nicol\u00e1s Brunner respectivamente, fue quien presidi\u00f3 el acto licitatorio al cual se presentaron dos oferentes: Oscar Scorza Equipos SRL y Mercedes Benz Argentina SA.<\/p>\n<p>La jefa comunal record\u00f3 que esta compra de bienes de usos fue autorizada por Ordenanza N\u00ba 9.206 y promulgada por el Decreto N\u00ba 1.272\/2014, luego de que el Concejo Deliberante aprobara el proyecto promovido por el Ejecutivo municipal. \u201cLa nueva adquisici\u00f3n posibilitar\u00e1 la mejora de los servicios. Hemos destinado 75 millones de pesos en bienes de capital. En ese \u00edtem, en 2011 solo hab\u00eda 2,5 millones de pesos. La prioridad es seguir mejorando la recolecci\u00f3n de residuos. Ahora la Comisi\u00f3n Evaluadora analizar\u00e1 las propuestas y antes de fin de a\u00f1o esperamos tener los equipos. Es una inversi\u00f3n muy importante de unos 25 millones de pesos y estas unidades nuevas vienen a ser un paso m\u00e1s en nuestro plan, que empez\u00f3 con la reorganizaci\u00f3n de los recursos y en su administraci\u00f3n\u201d, resalt\u00f3 Osuna al finalizar el acto fiscalizado por la escribana municipal Cristina Arbitelli.<\/p>\n<p>\u201cEsto se logra con fondos propios. Adquirimos camiones compactadores de residuos, atmosf\u00e9rico, con caja volcadora, un regador y un hidroelevador entre otras unidades. Y esto se suma a los 400 contenedores que se colocar\u00e1n luego entre pl\u00e1sticos y met\u00e1licos\u201d, apunt\u00f3 Granetto.<\/p>\n<p>La cifra:<\/p>\n<p>23- La cantidad de veh\u00edculos que se comprar\u00e1n: siete compactadores de residuos; un cami\u00f3n con tanque atmosf\u00e9rico, siete camiones con caja volcadora de 8 metros c\u00fabicos; un cami\u00f3n con caja volcadora de 4 metros c\u00fabicos; un cami\u00f3n con tanque regador, un equipo de lavado automatizado de contenedores; un compactador automatizado de residuos; dos utilitarios con hidroelevador y dos camiones con gr\u00faa articulada.<\/p>\n<h6>Fuente: Uno, Entre R\u00edos<\/h6>\n","protected":false},"excerpt":{"rendered":"<p>Tras autorizaci\u00f3n del Concejo para el plan de inversiones, licitaron compra de compactadores, volcadores, atmosf\u00e9ricos, lavadores e hidroelevadores. Antes de fin de a\u00f1o, la flota de veh\u00edculos de la Municipalidad tendr\u00e1 m\u00e1s camiones compactadores, volcadores, atmosf\u00e9ricos, lavadores e hidroelevadores, a partir de la inversi\u00f3n de 25 millones de pesos. Detr\u00e1s de ese prop\u00f3sito que pretende<\/p>\n","protected":false},"author":2,"featured_media":12079,"comment_status":"closed","ping_status":"closed","sticky":false,"template":"","format":"standard","meta":{"footnotes":""},"categories":[2],"tags":[17],"class_list":["post-12078","post","type-post","status-publish","format-standard","has-post-thumbnail","hentry","category-informe-municipal","tag-entre-rios"],"_links":{"self":[{"href":"http:\/\/argentinamunicipal.com.ar\/argentina\/wp-json\/wp\/v2\/posts\/12078","targetHints":{"allow":["GET"]}}],"collection":[{"href":"http:\/\/argentinamunicipal.com.ar\/argentina\/wp-json\/wp\/v2\/posts"}],"about":[{"href":"http:\/\/argentinamunicipal.com.ar\/argentina\/wp-json\/wp\/v2\/types\/post"}],"author":[{"embeddable":true,"href":"http:\/\/argentinamunicipal.com.ar\/argentina\/wp-json\/wp\/v2\/users\/2"}],"replies":[{"embeddable":true,"href":"http:\/\/argentinamunicipal.com.ar\/argentina\/wp-json\/wp\/v2\/comments?post=12078"}],"version-history":[{"count":0,"href":"http:\/\/argentinamunicipal.com.ar\/argentina\/wp-json\/wp\/v2\/posts\/12078\/revisions"}],"wp:featuredmedia":[{"embeddable":true,"href":"http:\/\/argentinamunicipal.com.ar\/argentina\/wp-json\/wp\/v2\/media\/12079"}],"wp:attachment":[{"href":"http:\/\/argentinamunicipal.com.ar\/argentina\/wp-json\/wp\/v2\/media?parent=12078"}],"wp:term":[{"taxonomy":"category","embeddable":true,"href":"http:\/\/argentinamunicipal.com.ar\/argentina\/wp-json\/wp\/v2\/categories?post=12078"},{"taxonomy":"post_tag","embeddable":true,"href":"http:\/\/argentinamunicipal.com.ar\/argentina\/wp-json\/wp\/v2\/tags?post=12078"}],"curies":[{"name":"wp","href":"https:\/\/api.w.org\/{rel}","templated":true}]}}