{"id":120782,"date":"2021-11-24T04:35:18","date_gmt":"2021-11-24T07:35:18","guid":{"rendered":"http:\/\/argentinamunicipal.com.ar\/argentina\/?p=120782"},"modified":"2021-11-23T19:41:04","modified_gmt":"2021-11-23T22:41:04","slug":"que-ciudad-de-santa-fe-fue-elegida-por-primera-vez-para-el-censo-experimental","status":"publish","type":"post","link":"http:\/\/argentinamunicipal.com.ar\/argentina\/que-ciudad-de-santa-fe-fue-elegida-por-primera-vez-para-el-censo-experimental\/","title":{"rendered":"Qu\u00e9 ciudad de Santa Fe fue elegida por primera vez para el Censo Experimental"},"content":{"rendered":"<p>El operativo Se realizar\u00e1 el 12 de diciembre. \u00a0A partir del 29 de noviembre los ciudadanos podr\u00e1n completar el formulario censal de manera digital.<\/p>\n<p>La ciudad de\u00a0G\u00e1lvez\u00a0-ubicada en el departamento\u00a0San Jer\u00f3nimo-, junto a dos comunas de la Ciudad Aut\u00f3noma de Buenos Aires, fue elegida para la realizaci\u00f3n del\u00a0Censo\u00a0Experimental\u00a0el pr\u00f3ximo 12 de diciembre. La instancia permitir\u00e1 poner a prueba los instrumentos previstos para el pr\u00f3ximo Censo Nacional de Poblaci\u00f3n, Hogares y Viviendas 2022 -que deb\u00eda realizarse en 2020 pero fue postergado por la pandemia de coronavirus- y as\u00ed realizar los ajustes pertinentes. El relevamiento estar\u00e1 a cargo del Instituto Provincial de Estad\u00edstica y Censos\u00a0(Ipec)\u00a0bajo la coordinaci\u00f3n de INDEC (Instituto Nacional de Estad\u00edstica y Censos).<br \/>\nSeg\u00fan indicaron desde el Ipec,\u00a0por primera vez el tradicional barrido territorial se combinar\u00e1 con el censo digital. Es decir que las personas que lo deseen podr\u00e1n completar el cuestionario en l\u00ednea a partir del 29 de noviembre. Quienes opten por esta modalidad deber\u00e1n esperar al censista, el d\u00eda 12 de diciembre y entregar el c\u00f3digo alfanum\u00e9rico que se brinda al final del registro digital, agilizando todo el proceso. Finalizada la visita se entregar\u00e1 un comprobante de cumplimiento censal.<\/p>\n<p>Los temas que se propone investigar el cuestionario giran en torno a las caracter\u00edsticas de las viviendas y los hogares, y la estructura de la poblaci\u00f3n. Para esta ronda censal, se incorporaron nuevas preguntas sobre la identidad de g\u00e9nero y autorreconocimiento \u00e9tnico \u2014pueblos ind\u00edgenas y afrodescendientes\u2014 a toda la poblaci\u00f3n.<\/p>\n<p><strong>El operativo<\/strong><br \/>\nEl barrido territorial tendr\u00e1\u00a0tres etapas. La\u00a0primera, el s\u00e1bado 11\u00a0de diciembre, censistas relevar\u00e1n las viviendas colectivas de la localidad (geri\u00e1tricos, hoteles, hospitales, sanatorios y cl\u00ednicas entre otros).\u00a0El domingo 12 se censar\u00e1 el resto de la poblaci\u00f3n.<\/p>\n<p>Por \u00faltimo,\u00a0desde el 13 hasta 17 de diciembre se llevar\u00e1 adelante el operativo de supervisi\u00f3n. En total\u00a0se visitar\u00e1n aproximadamente 8.140 viviendas\u00a0en jornadas que se extender\u00e1n desde las 8 hasta las 18.<\/p>\n<p>Por otra parte, el Indec aclar\u00f3 que el Censo Experimental no reemplaza al Censo Nacional de Poblaci\u00f3n y Viviendas que se realizar\u00e1 en 2022, por lo que en esa fecha la ciudad de G\u00e1lvez volver\u00e1 a ser censada.<\/p>\n<p>Todo el personal de campo que trabajar\u00e1 en la ciudad de G\u00e1lvez se presentar\u00e1 en las viviendas debidamente identificado con credenciales. Las personas censistas pueden presentarse en las viviendas acompa\u00f1adas de observadores de las entrevistas, pero no participar\u00e1n de la instancia de di\u00e1logo. En todos los casos se cumplir\u00e1n los protocolos de prevenci\u00f3n y protecci\u00f3n contra COVID -19.<\/p>\n<p><strong>En qu\u00e9 consiste el censo<\/strong><br \/>\nEl Censo es el recuento o la enumeraci\u00f3n simult\u00e1nea de todas las personas, los hogares y las viviendas que se encuentran en el territorio nacional en un momento determinado. Se trata del operativo civil m\u00e1s importante que lleva adelante un pa\u00eds debido a su magnitud, su importancia y el esfuerzo que requiere por parte de todos sus habitantes. Su objetivo es explorar, registrar, reconocer y destacar lo nuevo. Es decir, reconocernos a partir de un nuevo comienzo.<\/p>\n<p>Los censos de poblaci\u00f3n son importantes porque permiten realizar mediciones sobre las caracter\u00edsticas sociodemogr\u00e1ficas y econ\u00f3micas de la poblaci\u00f3n para orientar el dise\u00f1o de pol\u00edticas que puedan mejorar sus condiciones de vida; orientan el presupuesto nacional de los siguientes 10 a\u00f1os de forma eficiente. Adem\u00e1s, proporcionan informaci\u00f3n clave para realizar investigaciones sobre la composici\u00f3n, la distribuci\u00f3n y el crecimiento de la poblaci\u00f3n.<\/p>\n<p>Tambi\u00e9n, posibilitan conocer la densidad demogr\u00e1fica de una ciudad para saber si es necesario construir m\u00e1s escuelas o centros de atenci\u00f3n de salud, por citar algunos ejemplos, y ayudan a estimar con precisi\u00f3n la demanda de bienes y servicios en cada regi\u00f3n.<\/p>\n<h6>Fuente: La Capital<\/h6>\n","protected":false},"excerpt":{"rendered":"<p>El operativo Se realizar\u00e1 el 12 de diciembre. \u00a0A partir del 29 de noviembre los ciudadanos podr\u00e1n completar el formulario censal de manera digital.<\/p>\n","protected":false},"author":2,"featured_media":120783,"comment_status":"closed","ping_status":"closed","sticky":false,"template":"","format":"standard","meta":{"footnotes":""},"categories":[2],"tags":[10],"class_list":["post-120782","post","type-post","status-publish","format-standard","has-post-thumbnail","hentry","category-informe-municipal","tag-santa-fe"],"_links":{"self":[{"href":"http:\/\/argentinamunicipal.com.ar\/argentina\/wp-json\/wp\/v2\/posts\/120782","targetHints":{"allow":["GET"]}}],"collection":[{"href":"http:\/\/argentinamunicipal.com.ar\/argentina\/wp-json\/wp\/v2\/posts"}],"about":[{"href":"http:\/\/argentinamunicipal.com.ar\/argentina\/wp-json\/wp\/v2\/types\/post"}],"author":[{"embeddable":true,"href":"http:\/\/argentinamunicipal.com.ar\/argentina\/wp-json\/wp\/v2\/users\/2"}],"replies":[{"embeddable":true,"href":"http:\/\/argentinamunicipal.com.ar\/argentina\/wp-json\/wp\/v2\/comments?post=120782"}],"version-history":[{"count":0,"href":"http:\/\/argentinamunicipal.com.ar\/argentina\/wp-json\/wp\/v2\/posts\/120782\/revisions"}],"wp:featuredmedia":[{"embeddable":true,"href":"http:\/\/argentinamunicipal.com.ar\/argentina\/wp-json\/wp\/v2\/media\/120783"}],"wp:attachment":[{"href":"http:\/\/argentinamunicipal.com.ar\/argentina\/wp-json\/wp\/v2\/media?parent=120782"}],"wp:term":[{"taxonomy":"category","embeddable":true,"href":"http:\/\/argentinamunicipal.com.ar\/argentina\/wp-json\/wp\/v2\/categories?post=120782"},{"taxonomy":"post_tag","embeddable":true,"href":"http:\/\/argentinamunicipal.com.ar\/argentina\/wp-json\/wp\/v2\/tags?post=120782"}],"curies":[{"name":"wp","href":"https:\/\/api.w.org\/{rel}","templated":true}]}}