{"id":120791,"date":"2021-11-24T04:47:31","date_gmt":"2021-11-24T07:47:31","guid":{"rendered":"http:\/\/argentinamunicipal.com.ar\/argentina\/?p=120791"},"modified":"2021-11-23T19:49:26","modified_gmt":"2021-11-23T22:49:26","slug":"rosario-tendra-su-primer-congreso-de-impresion-3d","status":"publish","type":"post","link":"http:\/\/argentinamunicipal.com.ar\/argentina\/rosario-tendra-su-primer-congreso-de-impresion-3d\/","title":{"rendered":"Rosario tendr\u00e1 su primer Congreso de Impresi\u00f3n 3D"},"content":{"rendered":"<p>Se realizar\u00e1 el jueves 25 y viernes 26 de noviembre en el Centro Cultural Fontanarrosa, organizado por el municipio con la participaci\u00f3n de universidades y el Polo Tecnol\u00f3gico<\/p>\n<p>Rosario tendr\u00e1 su primer Congreso de Impresi\u00f3n 3D. Se trata de un hito para el desarrollo de esta tecnolog\u00eda que crece en cantidad y calidad por las soluciones que ofrece y cuenta en la ciudad con un importante ecosistema de emprendedores y empresas pioneras en su utilizaci\u00f3n. El mismo tendr\u00e1 lugar el jueves 25 y viernes 26 de noviembre en el Centro Cultural Fontanarrosa.<\/p>\n<p>El primer Congreso de Impresi\u00f3n 3D es organizado por la Municipalidad y cuenta con la participaci\u00f3n de la Universidad Nacional de Rosario (UNR), la Facultad Regional Rosario de la Universidad Tecnol\u00f3gica Nacional (UTN), y el Polo Tecnol\u00f3gico Rosario (PTR).<\/p>\n<p>El secretario de Modernizaci\u00f3n y Cercan\u00eda del municipio, Germ\u00e1n Gir\u00f3, hizo hincapi\u00e9 en la importancia de esta instancia: \u201cEn Rosario contamos con un n\u00famero creciente de usuarios de esta tecnolog\u00eda, que ocupa un lugar central en la denominada industria 4.0. Nos parece importante ofrecer un espacio de encuentro y capacitaci\u00f3n para consolidar una comunidad con mucho futuro en la vida productiva de la ciudad. Tambi\u00e9n para que estudiantes y p\u00fablico en general puedan conocer y familiarizarse con las potencialidades que ofrece esta herramienta\u201d, agreg\u00f3.<\/p>\n<p>El objetivo del Congreso es acercar las \u00faltimas tendencias y novedades sobre las tecnolog\u00edas revolucionarias y disruptivas, tanto al p\u00fablico masivo como al especializado. En este sentido, el congreso contar\u00e1 con una serie de conferencias en la que expertos disertar\u00e1n sobre la revoluci\u00f3n causada por el uso de la Impresi\u00f3n 3D y las fabricaciones digitales.<\/p>\n<p>El congreso convoca a diferentes referentes del sector como dise\u00f1adores, makers, empresas afines, autoridades de ciencia y tecnolog\u00eda, comunidad educativa secundaria, terciaria y universitaria; y p\u00fablico en general.<\/p>\n<p>En ese sentido, contar\u00e1 con espacios diversos que incluyen disertaciones de especialistas en la materia; talleres te\u00f3rico-pr\u00e1cticos; espacio de vinculaci\u00f3n para empresas; exposici\u00f3n y feria 3D, y visitas guiadas para alumnos y alumnas de instituciones educativas secundarias, terciarias y universitarias.<\/p>\n<p>La ciudad de Rosario posee una rica escena innovadora con una importante cantidad de empresas pymes dedicadas a la innovaci\u00f3n tecnol\u00f3gica. La zona i, donde se aloja el Polo Tecnol\u00f3gico, se ha convertido en un nodo tecnol\u00f3gico de vanguardia que impulsa din\u00e1micas de innovaci\u00f3n colaborativas para la producci\u00f3n de tecnolog\u00edas, actividades cient\u00edficas y educativas y la generaci\u00f3n de empleo joven de calidad.<\/p>\n<p>Empresas de base tecnol\u00f3gica, emprendedores e instituciones del conocimiento se asocian abriendo posibilidades para la mejora de la competitividad regional, la inclusi\u00f3n social y creaci\u00f3n de empleos de alta calidad.<\/p>\n<p>Asimismo, desde la Municipalidad de Rosario se est\u00e1 avanzando en un Plan de Digitalizaci\u00f3n del Estado Municipal que incluye, entre m\u00faltiples pol\u00edticas, la apertura de Estaciones Digitales en cada Centro Municipal de Distrito. Se trata de espacios con la infraestructura tecnol\u00f3gica necesaria para garantizar el acceso a las nuevas tecnolog\u00edas y cumplir con cursos y capacitaciones espec\u00edficas que profundicen la inclusi\u00f3n, el aprendizaje, el conocimiento, la participaci\u00f3n y capacitaci\u00f3n digital de adolescentes, j\u00f3venes y adultos mayores.<\/p>\n<p>En la Estaci\u00f3n Digital Noroeste funciona, adem\u00e1s, el Centro de Impresi\u00f3n 3D, un espacio creado para generar proyectos sustentables e innovativos para abrir nuevos canales de inclusi\u00f3n y participaci\u00f3n elaborando insumos propios.<\/p>\n<p>Con la convicci\u00f3n de acompa\u00f1ar y promover tecnolog\u00edas que generen espacios para la construcci\u00f3n de ciudadan\u00eda, fortalecer el conocimiento colaborativo, fomentar el uso de recursos compartidos y colaborar en el desarrollo de una econom\u00eda sustentable y de bajo costo, se organiz\u00f3\u00a0este Primer Congreso de Impresi\u00f3n 3D.<\/p>\n<p>Es una oportunidad para promover un encuentro entre referentes del sector, estudiantes y personas interesadas, pero tambi\u00e9n de acercar al p\u00fablico en general la interesante escena de la innovaci\u00f3n tecnol\u00f3gica rosarina.<\/p>\n<p>Las inscripciones est\u00e1n abiertas y son totalmente gratuitas a trav\u00e9s del siguiente link https:\/\/www.rosario.gob.ar\/form\/id\/congreso_impresion_3d_2021<\/p>\n<p>Cronograma del Congreso<br \/>\nJueves 25 de noviembre<\/p>\n<p>9 hs. Presentaci\u00f3n del Congreso<\/p>\n<p>10 hs.<br \/>\n. C\u00f3mo arrancar tu emprendimiento 3D y no morir en el intento. Cristian Paternoster.<br \/>\n. Descubriendo la impresi\u00f3n 3D en Arcilla \u2013 Vidrio. Guillermo Silpituca.<br \/>\n. Ni\u00f1as, ni\u00f1os y adolescentes en el mundo 3D. Francisco M\u00e9ndez.<\/p>\n<p>11.30 hs.<br \/>\n. Prototipos r\u00e1pidos en la industria automotriz. Federico Bertoli.<\/p>\n<p>14 hs.<br \/>\n. Dise\u00f1o y validaci\u00f3n de Dispositivos 3D para personas con discapacidad. C\u00e9sar Graf y Sebasti\u00e1n Palomeque.<br \/>\n. Impresi\u00f3n 3D aplicada a docencia e investigaci\u00f3n en la carrera de medicina. Pablo Garc\u00eda Cabello y Dr. Roberto Jos\u00e9 Garc\u00eda Turiella.<br \/>\n. \u00bfPor qu\u00e9 es el momento de emprender con Impresi\u00f3n 3D? Nicol\u00e1s Mart\u00ednez.<br \/>\n. Impresi\u00f3n 3D \u2013 M\u00e1s all\u00e1 de los l\u00edmites! Julio Carrillo.<\/p>\n<p>15.30 hs.<br \/>\n. Impresi\u00f3n en vivo en Arcilla. Guillermo Silpituca.<br \/>\n. Presentaci\u00f3n del Laboratorio de Impresi\u00f3n 3D IFIR-CONICET. Antonela Comisso, Isidro Esquivel, Guido Baranello y Javier Cruce\u00f1o.<\/p>\n<p>17 hs.<br \/>\n. Primeros pasos en la Impresi\u00f3n 3D. David Artale.<br \/>\n. Tipos de software en Impresi\u00f3n 3D. Gonzalo Almeida.<br \/>\n. La experiencia del Espacio Maker de la FCEIA. Pablo Vozza.<br \/>\n. Impresi\u00f3n 3D. La tecnolog\u00eda del futuro, al servicio del pasado. Mart\u00edn Gatto.<\/p>\n<p>Viernes 26 de noviembre<\/p>\n<p>10 hs.<br \/>\n. La impresi\u00f3n 3D en el mantenimiento industrial. Federico Bertoli.<br \/>\n. \u00bfFallas en tus piezas? Tips para impresiones felices. David Artale.<br \/>\n. \u00bfC\u00f3mo elegir tu primera impresora 3D? Gonzalo Almeida.<br \/>\n. La experiencia del Espacio Maker del Polo Tecnol\u00f3gico Rosario. Ignacio Sanseovich.<\/p>\n<p>11.30 hs.<br \/>\n. La impresi\u00f3n 3D en medicina, una nueva herramienta en intervenciones cardiovasculares. Fernando Senn.<br \/>\n. Impresi\u00f3n 3D para empresas y emprendedores. Gonzalo Almeida.<\/p>\n<p>14 hs.<br \/>\n. Repaso r\u00e1pido de software de dise\u00f1o, impresoras y tipos de materiales para la impresi\u00f3n 3D. Guillermo Silpituca.<br \/>\n. Dise\u00f1o 3D: de la imaginaci\u00f3n a tus manos. Francisco M\u00e9ndez.<br \/>\n. Impresi\u00f3n 3D. La tecnolog\u00eda del futuro, al servicio del pasado. Mart\u00edn Gatto.<br \/>\n. Piezas finales con impresi\u00f3n 3D: \u00bfmito o realidad? Federico Bertoli.<\/p>\n<p>15.30 hs.<br \/>\n. C\u00f3mo arrancar tu emprendimiento 3D y no morir en el intento. Cristian Paternoster.<br \/>\n. Introducci\u00f3n al dise\u00f1o 3D. Gonzalo Almeida.<\/p>\n<p>Centro de Impresi\u00f3n 3D municipal<br \/>\nDesde hace m\u00e1s de un a\u00f1o funciona en el Centro Municipal de Distrito (CMD) Noroeste Olga y Leticia Cossettini un Centro de Impresi\u00f3n 3D (CI3D) donde se desarrollan capacitaciones para j\u00f3venes de diferentes barrios del distrito y se realizan trabajos para instituciones de la sociedad civil como as\u00ed proyectos coordinados con \u00e1rea municipales como Salud, Cultura, Deportes, Desarrollo Humano, entre otras.<\/p>\n<p>El CI3D es un \u00e1mbito educativo que colabora con la resoluci\u00f3n de problem\u00e1ticas comunes y complejas que afectan el desarrollo y crecimiento de diferentes \u00e1reas dentro del minimunicipio.<\/p>\n<p>A trav\u00e9s del mismo se generan proyectos sustentables e innovadores para abrir nuevos canales de inclusi\u00f3n y participaci\u00f3n elaborando insumos propios. Entre sus objetivos principales se encuentran: crear espacios para la construcci\u00f3n de ciudadan\u00eda, fortalecer el conocimiento colaborativo, fomentar el uso de recursos compartidos, generar v\u00ednculos creativos, compartir el arte y la innovaci\u00f3n desde la visi\u00f3n ciudadana y desarrollar una econom\u00eda sustentable y de bajo costo.<\/p>\n<h6>Fuente: Sin Mordaza<\/h6>\n","protected":false},"excerpt":{"rendered":"<p>Se realizar\u00e1 el jueves 25 y viernes 26 de noviembre en el Centro Cultural Fontanarrosa, organizado por el municipio con la participaci\u00f3n de universidades y el Polo Tecnol\u00f3gico<\/p>\n","protected":false},"author":2,"featured_media":120792,"comment_status":"closed","ping_status":"closed","sticky":false,"template":"","format":"standard","meta":{"footnotes":""},"categories":[2],"tags":[10],"class_list":["post-120791","post","type-post","status-publish","format-standard","has-post-thumbnail","hentry","category-informe-municipal","tag-santa-fe"],"_links":{"self":[{"href":"http:\/\/argentinamunicipal.com.ar\/argentina\/wp-json\/wp\/v2\/posts\/120791","targetHints":{"allow":["GET"]}}],"collection":[{"href":"http:\/\/argentinamunicipal.com.ar\/argentina\/wp-json\/wp\/v2\/posts"}],"about":[{"href":"http:\/\/argentinamunicipal.com.ar\/argentina\/wp-json\/wp\/v2\/types\/post"}],"author":[{"embeddable":true,"href":"http:\/\/argentinamunicipal.com.ar\/argentina\/wp-json\/wp\/v2\/users\/2"}],"replies":[{"embeddable":true,"href":"http:\/\/argentinamunicipal.com.ar\/argentina\/wp-json\/wp\/v2\/comments?post=120791"}],"version-history":[{"count":0,"href":"http:\/\/argentinamunicipal.com.ar\/argentina\/wp-json\/wp\/v2\/posts\/120791\/revisions"}],"wp:featuredmedia":[{"embeddable":true,"href":"http:\/\/argentinamunicipal.com.ar\/argentina\/wp-json\/wp\/v2\/media\/120792"}],"wp:attachment":[{"href":"http:\/\/argentinamunicipal.com.ar\/argentina\/wp-json\/wp\/v2\/media?parent=120791"}],"wp:term":[{"taxonomy":"category","embeddable":true,"href":"http:\/\/argentinamunicipal.com.ar\/argentina\/wp-json\/wp\/v2\/categories?post=120791"},{"taxonomy":"post_tag","embeddable":true,"href":"http:\/\/argentinamunicipal.com.ar\/argentina\/wp-json\/wp\/v2\/tags?post=120791"}],"curies":[{"name":"wp","href":"https:\/\/api.w.org\/{rel}","templated":true}]}}