{"id":120812,"date":"2021-11-24T04:14:09","date_gmt":"2021-11-24T07:14:09","guid":{"rendered":"http:\/\/argentinamunicipal.com.ar\/argentina\/?p=120812"},"modified":"2021-11-24T06:22:00","modified_gmt":"2021-11-24T09:22:00","slug":"inauguraron-un-nuevo-cartel-de-reafirmacion-de-los-derechos-soberanos-sobre-malvinas","status":"publish","type":"post","link":"http:\/\/argentinamunicipal.com.ar\/argentina\/inauguraron-un-nuevo-cartel-de-reafirmacion-de-los-derechos-soberanos-sobre-malvinas\/","title":{"rendered":"Ushuaia: Inauguraron un nuevo cartel de reafirmaci\u00f3n de los derechos soberanos sobre Malvinas"},"content":{"rendered":"<p>En horas de la ma\u00f1ana de este viernes, la Municipalidad de Ushuaia junto a representantes del Centro de Veteranos de Malvinas de la ciudad inauguraron el nuevo cartel de reafirmaci\u00f3n de los derechos soberanos argentinos sobre las Islas, que se encuentra ubicado en el camino al aeropuerto internacional \u201cMalvinas Argentinas\u201d. La secretaria de Cultura y Educaci\u00f3n municipal, Mar\u00eda Jos\u00e9 Calder\u00f3n, encabez\u00f3 el acto por el Municipio, acompa\u00f1ada de la subsecretaria de Cultura, Bel\u00e9n Molina y la subsecretaria de Relaciones Internacionales, Asuntos Ant\u00e1rticos y Malvinas, Cecilia Fiocchi; en tanto Conrado Zamora, presidente del Centro de Veteranos de la ciudad junto a integrantes de la Instituci\u00f3n participaron del encuentro y celebraron la inauguraci\u00f3n.<\/p>\n<p>\u201cNos parece sumamente importante realizar en esta jornada previa al D\u00eda de la Soberan\u00eda Nacional la inauguraci\u00f3n de un nuevo cartel con la reafirmaci\u00f3n de nuestros derechos soberanos sobre las Islas Malvinas, en esta pasarela que conduce al aeropuerto de nuestra ciudad\u201d, dijo Calder\u00f3n. \u201cEstuvimos trabajando desde la Secretar\u00eda de Cultura de la Municipalidad con el Centro de Veteranos, con nuestros talleristas de muralismo para la construcci\u00f3n de este mensaje que pretendemos llegue a todas las personas que habitan o visitan Ushuaia, la capital de Malvinas\u201d, continu\u00f3.<\/p>\n<p>Calder\u00f3n afirm\u00f3 que \u201cpara la gesti\u00f3n del intendente Walter Vuoto la Cultura y la Educaci\u00f3n son parte esencial de la soberan\u00eda y Malvinas es una pol\u00edtica de Estado que atraviesa todas las acciones que llevamos adelante desde la Municipalidad\u201d. Agreg\u00f3 que \u201cen esta oportunidad, nos pusimos a trabajar en la renovaci\u00f3n de este espacio y con el equipo municipal de muralismo, la tallerista Laura Llovera y Rodrigo Crespo, en conjunto con nuestros Veteranos trabajaron para lograr el nuevo cartel para esta fecha\u201d.<\/p>\n<p>\u201cLos murales en nuestra ciudad y los carteles en corredores fundamentales como este camino al aeropuerto, nos hablan, nos interpelan, nos definen, nos nombran. La soberan\u00eda nacional y Malvinas son prioritarias y son la base de nuestras pol\u00edticas p\u00fablicas para la dignidad de todo nuestro pueblo\u201d, dijo Calder\u00f3n.<\/p>\n<p>Laura Llovera, muralista del programa muralismo municipal acompa\u00f1ada de Rodrigo Crespo quien comparti\u00f3 el trabajo de creaci\u00f3n del cartel explic\u00f3 que \u201cbuscamos sintetizar el mensaje con la \u2018medalla de honor\u2019 como un s\u00edmbolo que nos parec\u00eda que deb\u00eda estar presente en este camino que nos marca un ida y vuelta, como as\u00ed tambi\u00e9n los laureles y las siluetas infaltables de nuestras islas Malvinas\u201d. Crespo agreg\u00f3 que \u201cel pedido concreto nos lleg\u00f3 desde la Secretar\u00eda porque el anterior estaba realmente muy deteriorado e inmediatamente empezamos a pensar la idea y trabajarla tambi\u00e9n con los Veteranos\u201d.<\/p>\n<p>El presidente del Centro de Veteranos de Malvinas de Ushuaia, Conrado Zamora manifest\u00f3 que \u201ceste es un mensaje que estamos dando al pa\u00eds y al mundo, que Ushuaia es capital de Malvinas\u201d, y destac\u00f3 que \u201ctambi\u00e9n lo hacemos en las v\u00edsperas del D\u00eda de la Soberan\u00eda Nacional en recuerdo de la Vuelta de Obligado, que es un \u00edcono para las futuras generaciones\u201d.<\/p>\n<p>En el marco de una jornada muy ventosa, Zamora afirm\u00f3 que \u201chacer esta inauguraci\u00f3n ac\u00e1, en este clima hostil que tenemos hoy, es hacer soberan\u00eda tambi\u00e9n\u201d y agreg\u00f3 que \u201ctenemos siempre un gran acompa\u00f1amiento, a\u00fan con estas condiciones clim\u00e1ticas la gente viene, porque ac\u00e1 se vive Malvinas\u201d.<\/p>\n<p>Desde la Jefatura de Gabinete, la subsecretaria Cecilia Fiocchi, acompa\u00f1ada del coordinador de Asunto Malvinas Walter Batista, subray\u00f3 que \u201cen la antesala del d\u00eda a la Soberan\u00eda, \u00e9sta es una manera de simbolizar, en la capital de Malvinas, la importancia de este tema y su permanente v\u00ednculo con la soberan\u00eda\u201d. Agreg\u00f3 que \u201ces una fecha muy importante que desde el a\u00f1o 2010 se estableci\u00f3 como feriado nacional y que recuerda la Vuelta de Obligado, cuando en el a\u00f1o 1845 resistimos ante intentos de ocupaci\u00f3n anglo-franceses\u201d. Fiocchi remarc\u00f3 aqu\u00ed que \u201chan pasado muchos a\u00f1os, pero Tierra del Fuego contin\u00faa con una parte de su territorio ocupado y es lo que en forma permanente reclamamos\u201d.<\/p>\n<p>\u201cAprovechar cada efem\u00e9ride para llevar adelante acciones territoriales que permitan visibilizar la importancia de la tem\u00e1tica, es algo que el intendente Vuoto nos pide que realicemos siempre\u201d, cont\u00f3 la Subsecretaria.<\/p>\n<h6>Fuente: Reporte Austral<\/h6>\n","protected":false},"excerpt":{"rendered":"<p>La Municipalidad de Ushuaia junto a representantes del Centro de Veteranos de Malvinas de la ciudad inauguraron el nuevo cartel de reafirmaci\u00f3n de los derechos soberanos argentinos sobre las Islas<\/p>\n","protected":false},"author":2,"featured_media":120813,"comment_status":"closed","ping_status":"closed","sticky":false,"template":"","format":"standard","meta":{"footnotes":""},"categories":[2],"tags":[34],"class_list":["post-120812","post","type-post","status-publish","format-standard","has-post-thumbnail","hentry","category-informe-municipal","tag-tierra-del-fuego"],"_links":{"self":[{"href":"http:\/\/argentinamunicipal.com.ar\/argentina\/wp-json\/wp\/v2\/posts\/120812","targetHints":{"allow":["GET"]}}],"collection":[{"href":"http:\/\/argentinamunicipal.com.ar\/argentina\/wp-json\/wp\/v2\/posts"}],"about":[{"href":"http:\/\/argentinamunicipal.com.ar\/argentina\/wp-json\/wp\/v2\/types\/post"}],"author":[{"embeddable":true,"href":"http:\/\/argentinamunicipal.com.ar\/argentina\/wp-json\/wp\/v2\/users\/2"}],"replies":[{"embeddable":true,"href":"http:\/\/argentinamunicipal.com.ar\/argentina\/wp-json\/wp\/v2\/comments?post=120812"}],"version-history":[{"count":0,"href":"http:\/\/argentinamunicipal.com.ar\/argentina\/wp-json\/wp\/v2\/posts\/120812\/revisions"}],"wp:featuredmedia":[{"embeddable":true,"href":"http:\/\/argentinamunicipal.com.ar\/argentina\/wp-json\/wp\/v2\/media\/120813"}],"wp:attachment":[{"href":"http:\/\/argentinamunicipal.com.ar\/argentina\/wp-json\/wp\/v2\/media?parent=120812"}],"wp:term":[{"taxonomy":"category","embeddable":true,"href":"http:\/\/argentinamunicipal.com.ar\/argentina\/wp-json\/wp\/v2\/categories?post=120812"},{"taxonomy":"post_tag","embeddable":true,"href":"http:\/\/argentinamunicipal.com.ar\/argentina\/wp-json\/wp\/v2\/tags?post=120812"}],"curies":[{"name":"wp","href":"https:\/\/api.w.org\/{rel}","templated":true}]}}