{"id":120829,"date":"2021-11-25T05:09:35","date_gmt":"2021-11-25T08:09:35","guid":{"rendered":"http:\/\/argentinamunicipal.com.ar\/argentina\/?p=120829"},"modified":"2021-11-24T20:13:10","modified_gmt":"2021-11-24T23:13:10","slug":"aseguran-que-argentina-puede-ser-un-actor-global-lider-en-la-nueva-economia-verde","status":"publish","type":"post","link":"http:\/\/argentinamunicipal.com.ar\/argentina\/aseguran-que-argentina-puede-ser-un-actor-global-lider-en-la-nueva-economia-verde\/","title":{"rendered":"Aseguran que Argentina \u201cpuede ser un actor global l\u00edder en la nueva econom\u00eda verde\u201d"},"content":{"rendered":"<p>Organizado por el Centro Argentino de Ingenieros se pusieron en marcha ayer las Primeras Jornadas del Hidr\u00f3geno que se realizan en el pa\u00eds con el objetivo de analizar y presentar experiencias globales y oportunidades de inversi\u00f3n en el pa\u00eds en energ\u00eda verde.<\/p>\n<p>El inicio de la actividad, que tuvo lugar en la Casa Rosada, cont\u00f3 con la presencia del diputado nacional Gustavo Menna, como autor del proyecto de ley de hidr\u00f3geno verde en el pa\u00eds.<br \/>\n\u201cChubut tuvo la primera planta de hidr\u00f3geno verde en 2010 y ahora hay que avanzar en generar una estrategia nacional para articular con el sector las inversiones necesarias\u201d, dijo Menna en su exposici\u00f3n.<br \/>\nEl Sal\u00f3n Norte de Casa Rosada fue la sede de las jornadas que se transmitieron por Internet con inscripci\u00f3n libre y gratuita.<br \/>\n\u201cArgentina puede ser un actor global l\u00edder en la nueva econom\u00eda verde\u201d, se\u00f1al\u00f3 en la apertura el presidente del Centro Argentino de Ingenieros, Pablo Bereciartua, y resalt\u00f3 que el desaf\u00edo es \u201creformular nuestras econom\u00edas y sociedades para crear valor y producir bienes y servicios que sean amigables con el planeta generando riqueza y empleo en las provincias y en las econom\u00edas regionales\u201d.<br \/>\nGustavo B\u00e9liz, secretario de Asuntos Estrat\u00e9gicos de la Naci\u00f3n, resalt\u00f3 que en la \u00faltima cumbre clim\u00e1tica COP26 \u201c86 pa\u00edses de cada 100 mencionaron la potencialidad del hidr\u00f3geno en la matriz energ\u00e9tica renovable. En nuestro pa\u00eds la renovaci\u00f3n de la matriz energ\u00e9tica es estrat\u00e9gica y debemos hacerlo de una manera cooperativa entre los sectores p\u00fablico y privado y con el sector cient\u00edfico y tecnol\u00f3gico\u201d.<br \/>\nLeandro Gorgal, subsecretario de Relaciones Financieras Internacionales para el Desarrollo, subray\u00f3 que \u201cla integraci\u00f3n de la Argentina a la naciente cadena global de la econom\u00eda del hidr\u00f3geno es una tarea que encaramos con una visi\u00f3n estrat\u00e9gica, productivista y decididamente federal y abre una oportunidad de consenso en torno al desarrollo del pa\u00eds\u201d.<br \/>\nAdem\u00e1s agreg\u00f3 que el Consejo Econ\u00f3mico y Social (CES) trabaj\u00f3 en el proyecto de Ley de Movilidad Sustentable que ya est\u00e1 presentado y en la elaboraci\u00f3n del proyecto de Ley para el Desarrollo de la Econom\u00eda del Hidr\u00f3geno en Argentina que ser\u00e1 presentado el a\u00f1o pr\u00f3ximo en el marco de la Estrategia Nacional Hidr\u00f3geno 2030 que fue lanzada este a\u00f1o.<\/p>\n<p>TRANSICION ENERGETICA<br \/>\nLuego de la apertura se present\u00f3 el panel \u201cVisi\u00f3n estrat\u00e9gica del hidr\u00f3geno en Argentina\u201d con la participaci\u00f3n de los diputados Juan Carlos Villalonga (MC), Gustavo Menna y Omar F\u00e9lix (presidente de la Comisi\u00f3n de Energ\u00eda y Combustible de la C\u00e1mara de Diputados) y la moderaci\u00f3n de Fernando Brun, coordinador de Relaciones Exteriores de la Secretar\u00eda de Asuntos Estrat\u00e9gicos.<br \/>\nMenna insisti\u00f3 en \u201cavanzar en la transici\u00f3n energ\u00e9tica y trabajar para superar diferencias y trabajar en leyes que superen a los gobiernos. Chubut tuvo la primera planta de hidr\u00f3geno verde en 2010 y ahora hay que avanzar en generar una estrategia nacional para articular con el sector las inversiones necesarias\u201d.<br \/>\nEste mi\u00e9rcoles la subsecretaria de Negociaciones Econ\u00f3micas Multilaterales Carola Ramon, presentar\u00e1 la mirada internacional y las oportunidades para Argentina con las exposiciones de los embajadores argentinos en Corea, Jap\u00f3n, Alemania y Australia.<\/p>\n<h6>Fuente: El Chubut<\/h6>\n<p>&nbsp;<\/p>\n","protected":false},"excerpt":{"rendered":"<p>Organizado por el Centro Argentino de Ingenieros se pusieron en marcha ayer las Primeras Jornadas del Hidr\u00f3geno que se realizan en el pa\u00eds con el objetivo de analizar y presentar experiencias globales y oportunidades de inversi\u00f3n en el pa\u00eds en energ\u00eda verde.<\/p>\n","protected":false},"author":2,"featured_media":120830,"comment_status":"closed","ping_status":"closed","sticky":false,"template":"","format":"standard","meta":{"footnotes":""},"categories":[8],"tags":[21],"class_list":["post-120829","post","type-post","status-publish","format-standard","has-post-thumbnail","hentry","category-informe-nacional","tag-argentina"],"_links":{"self":[{"href":"http:\/\/argentinamunicipal.com.ar\/argentina\/wp-json\/wp\/v2\/posts\/120829","targetHints":{"allow":["GET"]}}],"collection":[{"href":"http:\/\/argentinamunicipal.com.ar\/argentina\/wp-json\/wp\/v2\/posts"}],"about":[{"href":"http:\/\/argentinamunicipal.com.ar\/argentina\/wp-json\/wp\/v2\/types\/post"}],"author":[{"embeddable":true,"href":"http:\/\/argentinamunicipal.com.ar\/argentina\/wp-json\/wp\/v2\/users\/2"}],"replies":[{"embeddable":true,"href":"http:\/\/argentinamunicipal.com.ar\/argentina\/wp-json\/wp\/v2\/comments?post=120829"}],"version-history":[{"count":0,"href":"http:\/\/argentinamunicipal.com.ar\/argentina\/wp-json\/wp\/v2\/posts\/120829\/revisions"}],"wp:featuredmedia":[{"embeddable":true,"href":"http:\/\/argentinamunicipal.com.ar\/argentina\/wp-json\/wp\/v2\/media\/120830"}],"wp:attachment":[{"href":"http:\/\/argentinamunicipal.com.ar\/argentina\/wp-json\/wp\/v2\/media?parent=120829"}],"wp:term":[{"taxonomy":"category","embeddable":true,"href":"http:\/\/argentinamunicipal.com.ar\/argentina\/wp-json\/wp\/v2\/categories?post=120829"},{"taxonomy":"post_tag","embeddable":true,"href":"http:\/\/argentinamunicipal.com.ar\/argentina\/wp-json\/wp\/v2\/tags?post=120829"}],"curies":[{"name":"wp","href":"https:\/\/api.w.org\/{rel}","templated":true}]}}