{"id":120832,"date":"2021-11-25T05:13:25","date_gmt":"2021-11-25T08:13:25","guid":{"rendered":"http:\/\/argentinamunicipal.com.ar\/argentina\/?p=120832"},"modified":"2021-11-24T20:18:08","modified_gmt":"2021-11-24T23:18:08","slug":"impulsan-un-proyecto-para-la-formacion-sobre-la-cuestion-malvinas-en-funcionarios-publicos","status":"publish","type":"post","link":"http:\/\/argentinamunicipal.com.ar\/argentina\/impulsan-un-proyecto-para-la-formacion-sobre-la-cuestion-malvinas-en-funcionarios-publicos\/","title":{"rendered":"Impulsan un proyecto para la formaci\u00f3n sobre la Cuesti\u00f3n Malvinas en funcionarios p\u00fablicos"},"content":{"rendered":"<p>La autora del proyecto, la diputada fueguina Mar\u00eda Eugenia Dur\u00e9, sostuvo que \u00abla formaci\u00f3n integral\u00bb en los tres poderes del Estado es \u00abfundamental\u00bb y consider\u00f3 al tema como \u00abuna pol\u00edtica de Estado\u00bb.<\/p>\n<p>Un proyecto de ley que busca garantizar la \u00abformaci\u00f3n integral respecto de la Cuesti\u00f3n Malvinas para las personas que se desempe\u00f1en en la funci\u00f3n p\u00fablica\u00bb obtuvo este mi\u00e9rcoles dictamen un\u00e1nime de un plenario de las Comisiones de Relaciones Exteriores y de Presupuesto y Hacienda del Senado de la Naci\u00f3n.<\/p>\n<p>El proyecto establece la\u00a0capacitaci\u00f3n obligatoria\u00a0en todo lo referente al reclamo argentino sobre las Islas Malvinas, Georgias del Sur, Sandwich del Sur y los espacios mar\u00edtimos e insulares correspondientes\u00a0para todas las personas que se desempe\u00f1en en la funci\u00f3n p\u00fablica en todos sus niveles y jerarqu\u00edas en los poderes Ejecutivo, Legislativo y Judicial de la Naci\u00f3n.<\/p>\n<p>El proyecto fue apoyado por el embajador Guillermo Carmona, secretario de Malvinas, Ant\u00e1rtida y Atl\u00e1ntico Sur, quien particip\u00f3 de la reuni\u00f3n v\u00eda Zoom, mientras se encontraba en Per\u00fa realizando actividades protocolares.<\/p>\n<p>\u00abNos interesa que lo antes posible este proyecto se pueda transformar en ley\u00bb, dijo Carmona, y afirm\u00f3 que \u00abel objetivo es que se generen posiciones de consenso en un tema tan relevante\u00bb.<\/p>\n<p>El funcionario se\u00f1al\u00f3 que la iniciativa \u00abapunta a la formaci\u00f3n permanente de los funcionarios p\u00fablicos\u00bb\u00a0en la cuesti\u00f3n Malvinas, as\u00ed como en \u00abla posici\u00f3n argentina respecto de su pol\u00edtica exterior\u00bb.<\/p>\n<p>\u00abEste es un tema que no debe postergarse. Y es importante la predisposici\u00f3n de la Secretar\u00eda de Malvinas y del Consejo que dieron sus aportes\u00bb, enfatiz\u00f3.<\/p>\n<p>Carmona tambi\u00e9n reclam\u00f3 que el \u00abtratamiento d\u00e9 lugar a un preacuerdo entre las comisiones de Relaciones Exteriores de ambas C\u00e1maras respecto de simplificar su tratamiento, para que cuando llegue al recinto del Senado y de Diputados lo haga con un an\u00e1lisis compartido\u00bb.<\/p>\n<p><strong>Un proyecto nacido en Tierra del Fuego<\/strong><\/p>\n<p>La diputada del FdT por Tierra del Fuego quiere que su proyecto de capacitaci\u00f3n sea \u00abpermanente\u00bb (Foto facebook).<\/p>\n<p>La autora del proyecto, la oficialista fueguina\u00a0Mar\u00eda Eugenia Dur\u00e9, sostuvo que\u00a0\u00abla formaci\u00f3n integral de Malvinas en los tres poderes del Estado es fundamental\u00bb.<\/p>\n<p>\u00abDebe ser pol\u00edtica de Estado para que los tres poderes puedan nutrirse de lo referente a la cuesti\u00f3n hist\u00f3rica, geopol\u00edtica, ambiental, jur\u00eddica y geogr\u00e1fica de nuestras islas Malvinas\u00bb, destac\u00f3.<\/p>\n<p>Dur\u00e9 tambi\u00e9n mencion\u00f3 la posibilidad de que las provincias y las ciudades \u00abse puedan adherir a esta propuesta de capacitaci\u00f3n integral\u00bb.<\/p>\n<p>\u00abNo queremos que esta capacitaci\u00f3n quede en una charla o una reuni\u00f3n. Queremos que sea permanente.\u00a0Que no sea solo una cuesti\u00f3n de sentimiento. Hay que profundizarla y federalizarla. En Argentina damos el ejemplo de que\u00a0la Cuesti\u00f3n Malvinas es una pol\u00edtica de Estado\u00bb, sentenci\u00f3.<\/p>\n<h6>Fuente: Telam<\/h6>\n","protected":false},"excerpt":{"rendered":"<p>La autora del proyecto, la diputada fueguina\u00a0Mar\u00eda Eugenia Dur\u00e9, sostuvo que\u00a0\u00abla formaci\u00f3n integral\u00bb en los tres poderes del Estado es \u00abfundamental\u00bb y consider\u00f3 al tema como \u00abuna pol\u00edtica de Estado\u00bb.<\/p>\n","protected":false},"author":2,"featured_media":120833,"comment_status":"closed","ping_status":"closed","sticky":false,"template":"","format":"standard","meta":{"footnotes":""},"categories":[8],"tags":[21],"class_list":["post-120832","post","type-post","status-publish","format-standard","has-post-thumbnail","hentry","category-informe-nacional","tag-argentina"],"_links":{"self":[{"href":"http:\/\/argentinamunicipal.com.ar\/argentina\/wp-json\/wp\/v2\/posts\/120832","targetHints":{"allow":["GET"]}}],"collection":[{"href":"http:\/\/argentinamunicipal.com.ar\/argentina\/wp-json\/wp\/v2\/posts"}],"about":[{"href":"http:\/\/argentinamunicipal.com.ar\/argentina\/wp-json\/wp\/v2\/types\/post"}],"author":[{"embeddable":true,"href":"http:\/\/argentinamunicipal.com.ar\/argentina\/wp-json\/wp\/v2\/users\/2"}],"replies":[{"embeddable":true,"href":"http:\/\/argentinamunicipal.com.ar\/argentina\/wp-json\/wp\/v2\/comments?post=120832"}],"version-history":[{"count":0,"href":"http:\/\/argentinamunicipal.com.ar\/argentina\/wp-json\/wp\/v2\/posts\/120832\/revisions"}],"wp:featuredmedia":[{"embeddable":true,"href":"http:\/\/argentinamunicipal.com.ar\/argentina\/wp-json\/wp\/v2\/media\/120833"}],"wp:attachment":[{"href":"http:\/\/argentinamunicipal.com.ar\/argentina\/wp-json\/wp\/v2\/media?parent=120832"}],"wp:term":[{"taxonomy":"category","embeddable":true,"href":"http:\/\/argentinamunicipal.com.ar\/argentina\/wp-json\/wp\/v2\/categories?post=120832"},{"taxonomy":"post_tag","embeddable":true,"href":"http:\/\/argentinamunicipal.com.ar\/argentina\/wp-json\/wp\/v2\/tags?post=120832"}],"curies":[{"name":"wp","href":"https:\/\/api.w.org\/{rel}","templated":true}]}}