{"id":120860,"date":"2021-11-25T06:21:53","date_gmt":"2021-11-25T09:21:53","guid":{"rendered":"http:\/\/argentinamunicipal.com.ar\/argentina\/?p=120860"},"modified":"2021-11-25T06:21:53","modified_gmt":"2021-11-25T09:21:53","slug":"los-choferes-paran-en-todo-el-pais-y-este-viernes-no-habra-colectivos","status":"publish","type":"post","link":"http:\/\/argentinamunicipal.com.ar\/argentina\/los-choferes-paran-en-todo-el-pais-y-este-viernes-no-habra-colectivos\/","title":{"rendered":"Los choferes paran en todo el pa\u00eds y este viernes no habr\u00e1 colectivos"},"content":{"rendered":"<p>Desde UTA informaron que adhieren a la medida nacional en relcamo de aumentos salariales reclamados porque lo que este viernes no habr\u00e1 transporte de corta y media distancia. No habr\u00e1 colectivos de Mi Bus ni de Las Grutas.<\/p>\n<p>Desde el gremio UTA informaron que ante la falta\u00a0de\u00a0respuesta al pedido de aumento salarial formulado en la\u00a0 audiencia en el Ministerio de Trabajo de la Naci\u00f3n se realizar\u00e1\u00a0un paro actividades por 24 horas para todos los trabajadores del transporte de pasajeros de corta y media distancia del interior del pa\u00eds, desde las 00 horas del<br \/>\nviernes 26 del corriente.<\/p>\n<p>\u00abFuimos claros en nuestro pedido, pretendemos para los trabajadores del interior, el mismo incremento salarial que se ha acordado hace ya m\u00e1s de un mes con nuestros compa\u00f1eros del AMBA. Los tiempos de los trabajadores se han agotado, sin alcanzar un acuerdo que contemple nuestros leg\u00edtimos intereses\u00bb, expresaron a trav\u00e9s de un comunicado.<\/p>\n<p>Desde UTA responsabilizan\u00a0 de todas las consecuencias de cualquier medida de acci\u00f3n gremial, \u00aba la total negativa a acordar los sueldos de los trabajadores representados\u00bb.\u00a0Agregaron que\u00a0\u00abno\u00a0vamos a permitir salarios por debajo de la inflaci\u00f3n.\u00bb<\/p>\n<h6>Fuente: Bariloche 2000<\/h6>\n","protected":false},"excerpt":{"rendered":"<p>Desde UTA informaron que adhieren a la medida nacional en relcamo de aumentos salariales reclamados porque lo que este viernes no habr\u00e1 transporte de corta y media distancia.<\/p>\n","protected":false},"author":2,"featured_media":120861,"comment_status":"closed","ping_status":"closed","sticky":false,"template":"","format":"standard","meta":{"footnotes":""},"categories":[2],"tags":[21],"class_list":["post-120860","post","type-post","status-publish","format-standard","has-post-thumbnail","hentry","category-informe-municipal","tag-argentina"],"_links":{"self":[{"href":"http:\/\/argentinamunicipal.com.ar\/argentina\/wp-json\/wp\/v2\/posts\/120860","targetHints":{"allow":["GET"]}}],"collection":[{"href":"http:\/\/argentinamunicipal.com.ar\/argentina\/wp-json\/wp\/v2\/posts"}],"about":[{"href":"http:\/\/argentinamunicipal.com.ar\/argentina\/wp-json\/wp\/v2\/types\/post"}],"author":[{"embeddable":true,"href":"http:\/\/argentinamunicipal.com.ar\/argentina\/wp-json\/wp\/v2\/users\/2"}],"replies":[{"embeddable":true,"href":"http:\/\/argentinamunicipal.com.ar\/argentina\/wp-json\/wp\/v2\/comments?post=120860"}],"version-history":[{"count":0,"href":"http:\/\/argentinamunicipal.com.ar\/argentina\/wp-json\/wp\/v2\/posts\/120860\/revisions"}],"wp:featuredmedia":[{"embeddable":true,"href":"http:\/\/argentinamunicipal.com.ar\/argentina\/wp-json\/wp\/v2\/media\/120861"}],"wp:attachment":[{"href":"http:\/\/argentinamunicipal.com.ar\/argentina\/wp-json\/wp\/v2\/media?parent=120860"}],"wp:term":[{"taxonomy":"category","embeddable":true,"href":"http:\/\/argentinamunicipal.com.ar\/argentina\/wp-json\/wp\/v2\/categories?post=120860"},{"taxonomy":"post_tag","embeddable":true,"href":"http:\/\/argentinamunicipal.com.ar\/argentina\/wp-json\/wp\/v2\/tags?post=120860"}],"curies":[{"name":"wp","href":"https:\/\/api.w.org\/{rel}","templated":true}]}}