{"id":120876,"date":"2021-11-26T06:10:13","date_gmt":"2021-11-26T09:10:13","guid":{"rendered":"http:\/\/argentinamunicipal.com.ar\/argentina\/?p=120876"},"modified":"2021-11-26T06:10:13","modified_gmt":"2021-11-26T09:10:13","slug":"santa-fe-festram-se-constituyo-como-querellante-en-la-causa-contra-el-gremio-asoem-por-desvio-de-fondos","status":"publish","type":"post","link":"http:\/\/argentinamunicipal.com.ar\/argentina\/santa-fe-festram-se-constituyo-como-querellante-en-la-causa-contra-el-gremio-asoem-por-desvio-de-fondos\/","title":{"rendered":"Santa Fe: Festram se constituy\u00f3 como querellante en la causa contra el gremio Asoem por desv\u00edo de fondos"},"content":{"rendered":"<p>El juez penal Jos\u00e9 Luis Garc\u00eda Troiano admiti\u00f3 a la Federaci\u00f3n de Trabajadores Municipales como parte de la investigaci\u00f3n que se tramita en el Ministerio P\u00fablico de la Acusaci\u00f3n ( MPA) y que tiene bajo la lupa a los dirigentes Juan Medina y Pablo Casale.<\/p>\n<p>La Federaci\u00f3n de Sindicatos de Trabajadores Municipales de\u00a0Santa Fe\u00a0(Festram) se constituy\u00f3 como querellante en la causa que investiga por desv\u00edo de fondos sindicales al gremio de\u00a0Asoem, con\u00a0Juan Medina y Pablo Casale\u00a0a la cabeza.<\/p>\n<p>La admisi\u00f3n estuvo a cargo del juez penal Jos\u00e9 Luis Garc\u00eda Troiano que resolvi\u00f3 hacer lugar al pedido para que la entidad sea parte de la investigaci\u00f3n que se tramita en el \u00e1rea de Delitos Complejos del Ministerio P\u00fablico de la Acusaci\u00f3n (MPA), seg\u00fan indicaron fuentes judiciales a\u00a0AIRE.<\/p>\n<p>El pedido fue realizado por el abogado Alejandro Otte, que asiste a Festram y que pidi\u00f3 la constituci\u00f3n de querella mediante un escrito presentado ante el Colegio de Jueces Penales de Santa Fe el pasado 22 de septiembre. Tal solicitud no tuvo rechazo por parte de la defensa de los dirigentes denunciados.<\/p>\n<p>La constituci\u00f3n de querella se da en el marco de una denuncia que fue presentada por la Festram ante la Justicia y que acus\u00f3 que miembros Asoem (Medina y Casale) de apoderarse\u00a0ileg\u00edtimamente de fondos provenientes de la Municipalidad de Santa Fe por una suma de m\u00e1s de dos millones de pesos, a valores del 2018.<\/p>\n<p>Tal denuncia surgi\u00f3 luego de que la Festram detect\u00f3 que la Municipalidad de Santa Fe hab\u00eda dejado de abonar los aportes sindicales a la federaci\u00f3n por lo que la entidad inici\u00f3 un reclamo. Sin embargo, desde el palacio municipal indicaron en su momento que los fondos hab\u00edan sido ya girados al gremio de Asoem que nuclea a los trabajadores municipales de la capital provincial y zonas de influencia.<\/p>\n<p>Tal desv\u00edo se dio a ra\u00edz de que los integrantes de Asoem habr\u00edan argumentado a las autoridades municipales haberse desafiliado de la Festram, cuando en realidad eso nunca hab\u00eda sucedido. Al respecto, en julio de este a\u00f1o, German Ocampo, quien se desempe\u00f1a como abogado de Festram, destac\u00f3 en una entrevista con el periodista Luis Mino que \u201cla gente de Aseom que hizo esto se vali\u00f3 de una mentira.<\/p>\n<p>En tanto, el dirigente municipal aclar\u00f3 que la maniobra denunciada se desarroll\u00f3 durante al menos cuatro meses y alcanzar\u00eda una suma que oscilar\u00eda los dos millones y medio de pesos, a valor del a\u00f1o 2018.<\/p>\n<h6>Fuente: Aire de Santa Fe<\/h6>\n","protected":false},"excerpt":{"rendered":"<p>El juez penal Jos\u00e9 Luis Garc\u00eda Troiano admiti\u00f3 a la Federaci\u00f3n de Trabajadores Municipales como parte de la investigaci\u00f3n que se tramita en el Ministerio P\u00fablico de la Acusaci\u00f3n<\/p>\n","protected":false},"author":2,"featured_media":120877,"comment_status":"closed","ping_status":"closed","sticky":false,"template":"","format":"standard","meta":{"footnotes":""},"categories":[7],"tags":[10],"class_list":["post-120876","post","type-post","status-publish","format-standard","has-post-thumbnail","hentry","category-informe-sindical","tag-santa-fe"],"_links":{"self":[{"href":"http:\/\/argentinamunicipal.com.ar\/argentina\/wp-json\/wp\/v2\/posts\/120876","targetHints":{"allow":["GET"]}}],"collection":[{"href":"http:\/\/argentinamunicipal.com.ar\/argentina\/wp-json\/wp\/v2\/posts"}],"about":[{"href":"http:\/\/argentinamunicipal.com.ar\/argentina\/wp-json\/wp\/v2\/types\/post"}],"author":[{"embeddable":true,"href":"http:\/\/argentinamunicipal.com.ar\/argentina\/wp-json\/wp\/v2\/users\/2"}],"replies":[{"embeddable":true,"href":"http:\/\/argentinamunicipal.com.ar\/argentina\/wp-json\/wp\/v2\/comments?post=120876"}],"version-history":[{"count":0,"href":"http:\/\/argentinamunicipal.com.ar\/argentina\/wp-json\/wp\/v2\/posts\/120876\/revisions"}],"wp:featuredmedia":[{"embeddable":true,"href":"http:\/\/argentinamunicipal.com.ar\/argentina\/wp-json\/wp\/v2\/media\/120877"}],"wp:attachment":[{"href":"http:\/\/argentinamunicipal.com.ar\/argentina\/wp-json\/wp\/v2\/media?parent=120876"}],"wp:term":[{"taxonomy":"category","embeddable":true,"href":"http:\/\/argentinamunicipal.com.ar\/argentina\/wp-json\/wp\/v2\/categories?post=120876"},{"taxonomy":"post_tag","embeddable":true,"href":"http:\/\/argentinamunicipal.com.ar\/argentina\/wp-json\/wp\/v2\/tags?post=120876"}],"curies":[{"name":"wp","href":"https:\/\/api.w.org\/{rel}","templated":true}]}}