{"id":120891,"date":"2021-11-26T06:27:50","date_gmt":"2021-11-26T09:27:50","guid":{"rendered":"http:\/\/argentinamunicipal.com.ar\/argentina\/?p=120891"},"modified":"2021-11-26T06:27:50","modified_gmt":"2021-11-26T09:27:50","slug":"la-uta-levanto-el-paro-que-iba-a-hacer-en-el-interior-del-pais","status":"publish","type":"post","link":"http:\/\/argentinamunicipal.com.ar\/argentina\/la-uta-levanto-el-paro-que-iba-a-hacer-en-el-interior-del-pais\/","title":{"rendered":"La UTA levant\u00f3 el paro que iba a hacer en el interior del pa\u00eds"},"content":{"rendered":"<p>As\u00ed lo inform\u00f3 a T\u00e9lam el secretario de Prensa de la UTA, Mario Calegari. El gremio logr\u00f3 un acuerdo salarial con las c\u00e1maras empresariales del sector.<\/p>\n<p>La Uni\u00f3n Tranviarios Automotor (UTA) levant\u00f3 el paro de actividades de 24 horas en el interior del pa\u00eds que iba a iniciar en la medianoche de este viernes, al lograr un acuerdo salarial con las c\u00e1maras empresariales del sector.<\/p>\n<p>As\u00ed lo inform\u00f3 a T\u00e9lam el secretario de Prensa de la UTA, Mario Calegari, quien hab\u00eda dicho que la medida obedec\u00eda al reclamo de una suma fija de 27 mil pesos y una recomposici\u00f3n salarial del 11 por ciento.<\/p>\n<p>La huelga del gremio que lidera Roberto Fern\u00e1ndez iba a ser cumplida por los choferes de colectivos de corta y media distancia del interior del pa\u00eds y no iba a afectar los servicios en la Capital Federal y el AMBA.<\/p>\n<p>\u00abLleg\u00f3 la soluci\u00f3n econ\u00f3mica con las c\u00e1maras empresarias, especialmente la Fatap y se levant\u00f3 el paro\u00bb, inform\u00f3 Calegari.<\/p>\n<p>La UTA mantuvo durante semanas extensas negociaciones con la Federaci\u00f3n Argentina de Transportadores por Automotor de Pasajeros (Fatap) y no pudo consensuar una salida a los reclamos de recomposici\u00f3n salarial de los trabajadores.<\/p>\n<p>Calegari explic\u00f3 hoy que esa suma fija de 27 mil pesos debe ser incorporada al salario de los trabajadores desde diciembre pr\u00f3ximo, y que el sector patronal tiene que sumar una recomposici\u00f3n general de los haberes del 11 por ciento adicional.<\/p>\n<p>La UTA exige que los aumentos salariales de los choferes de micros del interior del pa\u00eds se equiparen a los otorgados en el \u00c1rea Metropolitana Buenos Aires (AMBA).<\/p>\n<p>En su momento, Fern\u00e1ndez sostuvo en un documento que el gremio \u00abno permitir\u00e1 que los salarios se ubiquen por debajo del proceso inflacionario\u00bb, y detall\u00f3 que el gremio nunca hab\u00eda obtenido respuestas a los reclamos formulados en el Ministerio de Trabajo.<\/p>\n<h6>Fuente: Telam<\/h6>\n","protected":false},"excerpt":{"rendered":"<p>As\u00ed lo inform\u00f3 a T\u00e9lam el secretario de Prensa de la UTA, Mario Calegari. El gremio logr\u00f3 un\u00a0acuerdo salarial con las c\u00e1maras empresariales del sector.<\/p>\n","protected":false},"author":2,"featured_media":120892,"comment_status":"closed","ping_status":"closed","sticky":false,"template":"","format":"standard","meta":{"footnotes":""},"categories":[2],"tags":[21],"class_list":["post-120891","post","type-post","status-publish","format-standard","has-post-thumbnail","hentry","category-informe-municipal","tag-argentina"],"_links":{"self":[{"href":"http:\/\/argentinamunicipal.com.ar\/argentina\/wp-json\/wp\/v2\/posts\/120891","targetHints":{"allow":["GET"]}}],"collection":[{"href":"http:\/\/argentinamunicipal.com.ar\/argentina\/wp-json\/wp\/v2\/posts"}],"about":[{"href":"http:\/\/argentinamunicipal.com.ar\/argentina\/wp-json\/wp\/v2\/types\/post"}],"author":[{"embeddable":true,"href":"http:\/\/argentinamunicipal.com.ar\/argentina\/wp-json\/wp\/v2\/users\/2"}],"replies":[{"embeddable":true,"href":"http:\/\/argentinamunicipal.com.ar\/argentina\/wp-json\/wp\/v2\/comments?post=120891"}],"version-history":[{"count":0,"href":"http:\/\/argentinamunicipal.com.ar\/argentina\/wp-json\/wp\/v2\/posts\/120891\/revisions"}],"wp:featuredmedia":[{"embeddable":true,"href":"http:\/\/argentinamunicipal.com.ar\/argentina\/wp-json\/wp\/v2\/media\/120892"}],"wp:attachment":[{"href":"http:\/\/argentinamunicipal.com.ar\/argentina\/wp-json\/wp\/v2\/media?parent=120891"}],"wp:term":[{"taxonomy":"category","embeddable":true,"href":"http:\/\/argentinamunicipal.com.ar\/argentina\/wp-json\/wp\/v2\/categories?post=120891"},{"taxonomy":"post_tag","embeddable":true,"href":"http:\/\/argentinamunicipal.com.ar\/argentina\/wp-json\/wp\/v2\/tags?post=120891"}],"curies":[{"name":"wp","href":"https:\/\/api.w.org\/{rel}","templated":true}]}}