{"id":120897,"date":"2021-11-26T06:33:08","date_gmt":"2021-11-26T09:33:08","guid":{"rendered":"http:\/\/argentinamunicipal.com.ar\/argentina\/?p=120897"},"modified":"2021-11-26T06:33:08","modified_gmt":"2021-11-26T09:33:08","slug":"el-ministerio-de-economia-remarco-que-la-construccion-genera-el-doble-de-empleos","status":"publish","type":"post","link":"http:\/\/argentinamunicipal.com.ar\/argentina\/el-ministerio-de-economia-remarco-que-la-construccion-genera-el-doble-de-empleos\/","title":{"rendered":"El Ministerio de Econom\u00eda remarc\u00f3 que la construcci\u00f3n genera el doble de empleos"},"content":{"rendered":"<p>A trav\u00e9s de su cuenta oficial de Twitter, el Palacio de Hacienda sostuvo que \u00abla construcci\u00f3n es sin\u00f3nimo de recuperaci\u00f3n ya que en septiembre super\u00f3 19,4% los niveles de actividad en la prepandemia\u00bb.<\/p>\n<p>El Ministerio de Econom\u00eda puntualiz\u00f3 que \u00abel sector de la construcci\u00f3n por cada peso invertido genera casi el doble de empleos que el promedio de los dem\u00e1s sectores\u00bb, al tiempo que se\u00f1al\u00f3 que \u00abesto es inclusivo porque involucra a personas con diversas especializaciones como alba\u00f1iler\u00eda y arquitectura\u00bb.<\/p>\n<p>Al mismo tiempo, en los 9 primeros meses del a\u00f1o\u00a0registr\u00f3 un aumento de la actividad del 42,6 %, respecto de los mismo niveles de 2020&#8243;, a la vez que \u00absubieron las ventas de 8 de los 13 rubros de insumos relevados en septiembre pasado\u00bb.<\/p>\n<p>La cartera econ\u00f3mica subray\u00f3 que \u00abla construcci\u00f3n emplea a m\u00e1s de 360.000 personas en todo el pa\u00eds y demanda al menos el 5% del empleo registrado en cada provincia, adem\u00e1s de movilizar sectores estrat\u00e9gicos como la energ\u00eda, la industria y servicios\u00bb.<\/p>\n<h6>Fuente: Telam<\/h6>\n","protected":false},"excerpt":{"rendered":"<p>A trav\u00e9s de su cuenta oficial de Twitter, el Palacio de Hacienda sostuvo que \u00abla construcci\u00f3n es sin\u00f3nimo de recuperaci\u00f3n ya que en septiembre super\u00f3 19,4% los niveles de actividad en la prepandemia\u00bb.<\/p>\n","protected":false},"author":2,"featured_media":120898,"comment_status":"closed","ping_status":"closed","sticky":false,"template":"","format":"standard","meta":{"footnotes":""},"categories":[8],"tags":[21],"class_list":["post-120897","post","type-post","status-publish","format-standard","has-post-thumbnail","hentry","category-informe-nacional","tag-argentina"],"_links":{"self":[{"href":"http:\/\/argentinamunicipal.com.ar\/argentina\/wp-json\/wp\/v2\/posts\/120897","targetHints":{"allow":["GET"]}}],"collection":[{"href":"http:\/\/argentinamunicipal.com.ar\/argentina\/wp-json\/wp\/v2\/posts"}],"about":[{"href":"http:\/\/argentinamunicipal.com.ar\/argentina\/wp-json\/wp\/v2\/types\/post"}],"author":[{"embeddable":true,"href":"http:\/\/argentinamunicipal.com.ar\/argentina\/wp-json\/wp\/v2\/users\/2"}],"replies":[{"embeddable":true,"href":"http:\/\/argentinamunicipal.com.ar\/argentina\/wp-json\/wp\/v2\/comments?post=120897"}],"version-history":[{"count":0,"href":"http:\/\/argentinamunicipal.com.ar\/argentina\/wp-json\/wp\/v2\/posts\/120897\/revisions"}],"wp:featuredmedia":[{"embeddable":true,"href":"http:\/\/argentinamunicipal.com.ar\/argentina\/wp-json\/wp\/v2\/media\/120898"}],"wp:attachment":[{"href":"http:\/\/argentinamunicipal.com.ar\/argentina\/wp-json\/wp\/v2\/media?parent=120897"}],"wp:term":[{"taxonomy":"category","embeddable":true,"href":"http:\/\/argentinamunicipal.com.ar\/argentina\/wp-json\/wp\/v2\/categories?post=120897"},{"taxonomy":"post_tag","embeddable":true,"href":"http:\/\/argentinamunicipal.com.ar\/argentina\/wp-json\/wp\/v2\/tags?post=120897"}],"curies":[{"name":"wp","href":"https:\/\/api.w.org\/{rel}","templated":true}]}}