{"id":120901,"date":"2021-11-26T06:35:09","date_gmt":"2021-11-26T09:35:09","guid":{"rendered":"http:\/\/argentinamunicipal.com.ar\/argentina\/?p=120901"},"modified":"2021-11-26T06:35:09","modified_gmt":"2021-11-26T09:35:09","slug":"informalidad-en-el-sector-textil","status":"publish","type":"post","link":"http:\/\/argentinamunicipal.com.ar\/argentina\/informalidad-en-el-sector-textil\/","title":{"rendered":"Informalidad en el sector textil"},"content":{"rendered":"<p>En el rubro confecci\u00f3n la informalidad laboral llega al 70 por ciento. El sector pide crear parques industriales con beneficios especiales.<\/p>\n<p>El\u00a0eslab\u00f3n de confecci\u00f3n y fabricaci\u00f3n de indumentaria\u00a0en el pa\u00eds es reconocido por enfrentar un\u00a0elevado nivel de informalidad laboral, que alcanzaba al\u00a072 por ciento de los ocupados\u00a0de la confecci\u00f3n en 2019. En la conferencia anual de la industria que organiza la fundaci\u00f3n ProTejer, esta problem\u00e1tica no pas\u00f3 desapercibida y los empresarios presentaron como posible\u00a0respuesta la creaci\u00f3n y fortalecimiento de polos de confecci\u00f3n.<\/p>\n<p>Son alrededor de 200 mil personas que se dedican a la fabricaci\u00f3n de indumentaria y otras confecciones en el pa\u00eds. A su vez, se trata del eslab\u00f3n m\u00e1s atomizado de la cadena, dado que est\u00e1 conformado por un gran n\u00famero de micro y peque\u00f1as empresas y talleres, muchos familiares. La informalidad, que es estructural pero se profundiz\u00f3 durante el macrismo, fue abordada durante la Convenci\u00f3n anual de la Fundaci\u00f3n ProTejer.<\/p>\n<p>\u00abDurante el gobierno de Mauricio Macri se perdieron 25 mil puestos de trabajo registrados y creci\u00f3 la informalidad. La pandemia profundiz\u00f3 esta crisis\u00bb, ilustr\u00f3 el presidente de la entidad, Yael Kim. \u00abNos encontramos en la actualidad con un segmento marginado, que est\u00e1 por fuera del paraguas del Estado, sin acceso a las pol\u00edticas de promoci\u00f3n industrial o de financiamiento productivo, posicion\u00e1ndose como el eslab\u00f3n de mayor debilidad relativa dentro de nuestra cadena de valor\u00bb, indicaron en ProTejer.<\/p>\n<p>La atomizaci\u00f3n y la alta informalidad es el resultado del cambio estructural que vivi\u00f3 la Argentina durante los &#8217;90. Bajo un modelo de apertura comercial, apreciaci\u00f3n cambiaria y desregulaci\u00f3n financiera, se dio lugar a un proceso de desprendimiento de las marcas de la actividad de la confecci\u00f3n puertas adentro y, a su vez, de fuerte proliferaci\u00f3n de peque\u00f1os talleres informales. Estos \u00faltimos compiten a costa de sus bajos costos laborales y evasi\u00f3n impositiva, ofreciendo condiciones de trabajo poco dignas y en muchos casos con escaso cumplimiento de requisitos m\u00ednimos de seguridad e higiene.<\/p>\n<p><strong>Polos de confecci\u00f3n<\/strong><br \/>\nUna de las medidas que eval\u00faa el sector a fin de mitigar esta problem\u00e1tica es la creaci\u00f3n y fortalecimiento de polos de confecci\u00f3n. \u00abLo que se propone es que el Estado otorgue a las empresas radicadas en estos polos una serie de beneficios fiscales extraordinarios y de promoci\u00f3n industrial que contribuyan a la generaci\u00f3n de empleo y preferencias para el acceso a programas de financiamiento que tengan como fin incorporar tecnolog\u00edas y aumentar la productividad. Adem\u00e1s, complementar este esquema con la provisi\u00f3n de servicios de formaci\u00f3n continua para capacitar al personal en el oficio. Esta propuesta resulta m\u00e1s atractiva si se consideran todas las externalidades positivas que tienen los modelos asociativos conformados por varias empresas con un objetivo en com\u00fan\u00bb, detallaron fuentes del sector.<\/p>\n<p>Un\u00a0modelo exitoso\u00a0en este sentido es la creaci\u00f3n de una planta de confecci\u00f3n inaugurada recientemente en Catamarca, que fue conformada con la uni\u00f3n de cinco marcas muy reconocidas en el pa\u00eds &#8211; Billabong, Gepetto, Azzaro, Grisino y Jazm\u00edn Chebar-, bajo un esquema de incentivos p\u00fablicos fiscales, laborales y financieros. \u00abEn este caso se dio un fen\u00f3meno particularmente interesante y valioso para el cambio estructural de la cadena de valor: las marcas vuelven a ser protagonistas de la manufactura, volviendo a abrazar a la confecci\u00f3n en el pa\u00eds, elemento clave para reactivar la generaci\u00f3n de empleo donde m\u00e1s se necesita\u00bb, explicaron desde ProTejer.<\/p>\n<p>La realidad de la fabricaci\u00f3n de indumentaria y otros art\u00edculos confeccionados contrasta fuertemente con la estructura del resto de los eslabones de la cadena textil. Mientras que la confecci\u00f3n es mano de obra intensiva, con altos niveles de informalidad y realiza escasas inversiones en tecnolog\u00eda para aumentar la productividad; la fabricaci\u00f3n de hilados y tejidos son ramas capital intensivas, con mayor productividad por trabajador, conformadas por empresas de mayor tama\u00f1o, con tecnolog\u00eda de punta y modernas.<\/p>\n<h6>Fuente: P\u00e1gina 12<\/h6>\n","protected":false},"excerpt":{"rendered":"<p>En el rubro confecci\u00f3n la informalidad laboral llega al 70 por ciento. El sector pide crear parques industriales con beneficios especiales.<\/p>\n","protected":false},"author":2,"featured_media":120902,"comment_status":"closed","ping_status":"closed","sticky":false,"template":"","format":"standard","meta":{"footnotes":""},"categories":[8],"tags":[21],"class_list":["post-120901","post","type-post","status-publish","format-standard","has-post-thumbnail","hentry","category-informe-nacional","tag-argentina"],"_links":{"self":[{"href":"http:\/\/argentinamunicipal.com.ar\/argentina\/wp-json\/wp\/v2\/posts\/120901","targetHints":{"allow":["GET"]}}],"collection":[{"href":"http:\/\/argentinamunicipal.com.ar\/argentina\/wp-json\/wp\/v2\/posts"}],"about":[{"href":"http:\/\/argentinamunicipal.com.ar\/argentina\/wp-json\/wp\/v2\/types\/post"}],"author":[{"embeddable":true,"href":"http:\/\/argentinamunicipal.com.ar\/argentina\/wp-json\/wp\/v2\/users\/2"}],"replies":[{"embeddable":true,"href":"http:\/\/argentinamunicipal.com.ar\/argentina\/wp-json\/wp\/v2\/comments?post=120901"}],"version-history":[{"count":0,"href":"http:\/\/argentinamunicipal.com.ar\/argentina\/wp-json\/wp\/v2\/posts\/120901\/revisions"}],"wp:featuredmedia":[{"embeddable":true,"href":"http:\/\/argentinamunicipal.com.ar\/argentina\/wp-json\/wp\/v2\/media\/120902"}],"wp:attachment":[{"href":"http:\/\/argentinamunicipal.com.ar\/argentina\/wp-json\/wp\/v2\/media?parent=120901"}],"wp:term":[{"taxonomy":"category","embeddable":true,"href":"http:\/\/argentinamunicipal.com.ar\/argentina\/wp-json\/wp\/v2\/categories?post=120901"},{"taxonomy":"post_tag","embeddable":true,"href":"http:\/\/argentinamunicipal.com.ar\/argentina\/wp-json\/wp\/v2\/tags?post=120901"}],"curies":[{"name":"wp","href":"https:\/\/api.w.org\/{rel}","templated":true}]}}