{"id":120926,"date":"2021-11-29T05:22:55","date_gmt":"2021-11-29T08:22:55","guid":{"rendered":"http:\/\/argentinamunicipal.com.ar\/argentina\/?p=120926"},"modified":"2021-11-29T06:25:03","modified_gmt":"2021-11-29T09:25:03","slug":"ecuador-indigenas-anunciaron-protestas-por-tiempo-indefinido-a-partir-de-enero","status":"publish","type":"post","link":"http:\/\/argentinamunicipal.com.ar\/argentina\/ecuador-indigenas-anunciaron-protestas-por-tiempo-indefinido-a-partir-de-enero\/","title":{"rendered":"Ecuador: ind\u00edgenas anunciaron protestas por tiempo indefinido a partir de enero"},"content":{"rendered":"<p>\u00abNos declaramos en asambleas territoriales en todos los pueblos y nacionalidades para convocar a una medida de hecho\u00bb, sostuvo el presidente de la Conaie frente a la falta de repsuesta del poder ejecutivo sobre la demanda de rebajas en los precios de combustible.<\/p>\n<p>La Confederaci\u00f3n de Nacionalidades Ind\u00edgenas de Ecuador (Conaie) anunci\u00f3 que desde enero realizar\u00e1n nuevas protestas ante la falta de respuesta del Gobierno a sus demandas de rebajas de los precios de combustible.<\/p>\n<p>\u00abNos declaramos, desde el d\u00eda de hoy, en asambleas territoriales en todos los pueblos y nacionalidades para convocar a una medida de hecho, de manera indefinida, desde el mes de enero de 2022\u00bb, dijo en la noche del s\u00e1bado ante la prensa Le\u00f3nidas Iza, presidente de la Conaie.<\/p>\n<p>El consejo ampliado de la Conaie se reuni\u00f3 el pasado s\u00e1bado para analizar c\u00f3mo hacer frente al silencio del Gobierno de Guillermo Lasso, sobre el pedido de reducir los precios de los combustibles a 1,50 d\u00f3lares el di\u00e9sel y 2,10 d\u00f3lares la nafta.<\/p>\n<p>\u00abNo hemos tenido ninguna respuesta\u00bb\u00a0(del Gobierno), dijo, y explic\u00f3 que por ello se tom\u00f3 esta determinaci\u00f3n en el consejo ampliado de la Conaie, desarrollado en la amaz\u00f3nica localidad de Uni\u00f3n Base, provincia de Pastaza, fronteriza con Per\u00fa.<\/p>\n<p>La Conaie, que particip\u00f3 en revueltas que derrocaron a tres mandatarios entre 1997 y 2005, se reuni\u00f3 el s\u00e1bado pasado para analizar c\u00f3mo hacer frente al silencio del Gobierno sobre el pedido de bajar el precio del di\u00e9sel y de la nafta corriente.<\/p>\n<p>Tras casi ocho horas de debates internos, Iza\u00a0anunci\u00f3 que no volver\u00e1n a la mesa de di\u00e1logo con el Ejecutivo, debido a que no se han obtenido resultados para los sectores populares.<\/p>\n<p>\u201cAnte la falta de una respuesta, ratificamos la propuesta emitida al Gobierno y declaramos. No retornaremos a ning\u00fan proceso de di\u00e1logo que no tenga resultados\u201d, se\u00f1al\u00f3 el l\u00edder ind\u00edgena, inform\u00f3 la agencia de noticias AFP.<\/p>\n<p>Unas tres semanas atr\u00e1s, Iza se reuni\u00f3 con Lasso, a quien le plante\u00f3, fundamentalmente, la supresi\u00f3n de los decretos que incrementan los precios de los combustibles.<\/p>\n<p>\u201cAnte la falta de una respuesta, ratificamos la propuesta emitida al Gobierno y declaramos. No retornaremos a ning\u00fan proceso de di\u00e1logo que no tenga resultadosLe\u00f3nidas Iza\u201d<\/p>\n<p>Tambi\u00e9n se exigi\u00f3 al Gobierno que se controle los precios de los productos de primera necesidad y que se declare una moratoria a las deudas adquiridas con el sistema financiero, que estar\u00edan afectando a sectores campesinos y agricultores.<\/p>\n<p>El Ejecutivo respondi\u00f3 que \u00abrevisar\u00e1\u00bb la propuesta ind\u00edgena, pero sin precisar cu\u00e1ndo.<\/p>\n<p>En mayo de 2020 el gobierno anterior, del presidente Len\u00edn Moreno,\u00a0dispuso ajustes mensuales para eliminar millonarios subsidios ante una crisis econ\u00f3mica agravada por la pandemia.<\/p>\n<p>Esa pol\u00edtica fue mantenida por Lasso, cuando asumi\u00f3 el mandato hace seis meses.<\/p>\n<p>A fines de octubre,\u00a0el mandatario decret\u00f3 un aumento de los combustibles de hasta un 12%.<\/p>\n<p>La medida\u00a0provoc\u00f3 protestas con marchas y cierre de rutas por parte de sectores ind\u00edgenas y de trabajadores en todo el pa\u00eds, que dejaron 37 detenidos y ocho polic\u00edas heridos.<\/p>\n<p>Iza expres\u00f3 que las nuevas protestas anunciadas obedecen \u00aba una falta de respuesta y voluntad pol\u00edtica del Gobierno nacional para establecer (un) proceso de di\u00e1logo real con los sectores sociales del Ecuador\u00bb.<\/p>\n<p>Los ind\u00edgenas tambi\u00e9n reclaman el cese de la explotaci\u00f3n de recursos naturales en las zonas donde habitan, un punto sobre el que tampoco hay acuerdo con el gobierno.<\/p>\n<h6>Fuente: telam<\/h6>\n","protected":false},"excerpt":{"rendered":"<p>\u00abNos declaramos en asambleas territoriales en todos los pueblos y nacionalidades para convocar a una medida de hecho\u00bb, sostuvo el presidente de la Conaie frente a la falta de repsuesta del poder ejecutivo sobre la demanda de rebajas en los precios de combustible.<\/p>\n","protected":false},"author":2,"featured_media":120927,"comment_status":"closed","ping_status":"closed","sticky":false,"template":"","format":"standard","meta":{"footnotes":""},"categories":[22],"tags":[57],"class_list":["post-120926","post","type-post","status-publish","format-standard","has-post-thumbnail","hentry","category-el-mundo","tag-el-mundo"],"_links":{"self":[{"href":"http:\/\/argentinamunicipal.com.ar\/argentina\/wp-json\/wp\/v2\/posts\/120926","targetHints":{"allow":["GET"]}}],"collection":[{"href":"http:\/\/argentinamunicipal.com.ar\/argentina\/wp-json\/wp\/v2\/posts"}],"about":[{"href":"http:\/\/argentinamunicipal.com.ar\/argentina\/wp-json\/wp\/v2\/types\/post"}],"author":[{"embeddable":true,"href":"http:\/\/argentinamunicipal.com.ar\/argentina\/wp-json\/wp\/v2\/users\/2"}],"replies":[{"embeddable":true,"href":"http:\/\/argentinamunicipal.com.ar\/argentina\/wp-json\/wp\/v2\/comments?post=120926"}],"version-history":[{"count":0,"href":"http:\/\/argentinamunicipal.com.ar\/argentina\/wp-json\/wp\/v2\/posts\/120926\/revisions"}],"wp:featuredmedia":[{"embeddable":true,"href":"http:\/\/argentinamunicipal.com.ar\/argentina\/wp-json\/wp\/v2\/media\/120927"}],"wp:attachment":[{"href":"http:\/\/argentinamunicipal.com.ar\/argentina\/wp-json\/wp\/v2\/media?parent=120926"}],"wp:term":[{"taxonomy":"category","embeddable":true,"href":"http:\/\/argentinamunicipal.com.ar\/argentina\/wp-json\/wp\/v2\/categories?post=120926"},{"taxonomy":"post_tag","embeddable":true,"href":"http:\/\/argentinamunicipal.com.ar\/argentina\/wp-json\/wp\/v2\/tags?post=120926"}],"curies":[{"name":"wp","href":"https:\/\/api.w.org\/{rel}","templated":true}]}}