{"id":120955,"date":"2021-11-30T04:59:11","date_gmt":"2021-11-30T07:59:11","guid":{"rendered":"http:\/\/argentinamunicipal.com.ar\/argentina\/?p=120955"},"modified":"2021-11-29T20:01:25","modified_gmt":"2021-11-29T23:01:25","slug":"guaymallen-reconocio-una-vez-mas-a-sus-empleados-destacados","status":"publish","type":"post","link":"http:\/\/argentinamunicipal.com.ar\/argentina\/guaymallen-reconocio-una-vez-mas-a-sus-empleados-destacados\/","title":{"rendered":"Guaymall\u00e9n reconoci\u00f3 una vez m\u00e1s a sus empleados destacados"},"content":{"rendered":"<p>El Concejo Deliberante de Guaymall\u00e9n reconoci\u00f3 a los empleados municipales destacados de las distintas \u00e1reas y dependencias de su estructura. En la cena, 350 trabajadores recibieron su distinci\u00f3n. El evento se realiz\u00f3 el viernes 26 de noviembre en el sal\u00f3n del camping de Petroleo y Gas Privado de Cuyo.<\/p>\n<p>Esta iniciativa se realiza todos los a\u00f1os de manera ininterrumpida y tuvo durante la pandemia la particularidad de realizarse de manera online, para mantener el esp\u00edritu de reconocimiento para los agentes del municipio.<\/p>\n<p>Adem\u00e1s de la presencia de los trabajadores, del evento fueron participes la presidente del honorable consejo deliberante \u00c9velin P\u00e9rez,\u00a0que fue parte del organismo organizador del evento; concejales departamentales; funcionarios del ejecutivo; y del intendente municipal,\u00a0Marcelino Iglesias.<\/p>\n<p>\u00abEl Empleado Destacado es un evento que nos congrega a\u00f1o a a\u00f1o para celebrar la labor de un largo a\u00f1o de trabajo y reconocer a aquellos que hacen esencialmente al municipio. A quienes son responsables de la atenci\u00f3n del vecino los 365 d\u00edas del a\u00f1o\u00bb, manifest\u00f3 \u00c9velin P\u00e9rez.<\/p>\n<p>Y a\u00f1adi\u00f3: \u00abEllos son los que le ponen el coraz\u00f3n, la garra y todo el amor para que el municipio funcione y sea un servicio eficiente para los vecinos. Son merecedores de una noche dedicada a ellos, a su trabajo y a su esfuerzo\u00bb.<\/p>\n<p>Durante el evento, los presentes disfrutaron de los shows art\u00edsticos del Flaco Su\u00e1rez, Germ\u00e1n Sava, Mar\u00eda Emilia Mar\u00edn, Lluvia de Papas y Los Swingstone, adem\u00e1s de recibir regalos y participar de sorteos dispuestos por el Concejo Deliberante.<\/p>\n<p>El acontecimiento surgi\u00f3 de una ordenanza del a\u00f1o 2015, promovida por los ediles de la UCR, la cual busca destacar a los empleados que han realizan su tarea con responsabilidad, compromiso. El reconocimiento esta dirigido a los trabajadores que se han desempe\u00f1ado el \u00faltimo a\u00f1o en todo el arco de trabajo p\u00fablico de Guaymall\u00e9n.<\/p>\n<h6>Fuente: mendozapost.com<\/h6>\n","protected":false},"excerpt":{"rendered":"<p>El Concejo Deliberante de Guaymall\u00e9n reconoci\u00f3 a los empleados municipales destacados de las distintas \u00e1reas y dependencias de su estructura. En la cena, 350 trabajadores recibieron su distinci\u00f3n.<\/p>\n","protected":false},"author":2,"featured_media":120956,"comment_status":"closed","ping_status":"closed","sticky":false,"template":"","format":"standard","meta":{"footnotes":""},"categories":[7],"tags":[31],"class_list":["post-120955","post","type-post","status-publish","format-standard","has-post-thumbnail","hentry","category-informe-sindical","tag-mendoza"],"_links":{"self":[{"href":"http:\/\/argentinamunicipal.com.ar\/argentina\/wp-json\/wp\/v2\/posts\/120955","targetHints":{"allow":["GET"]}}],"collection":[{"href":"http:\/\/argentinamunicipal.com.ar\/argentina\/wp-json\/wp\/v2\/posts"}],"about":[{"href":"http:\/\/argentinamunicipal.com.ar\/argentina\/wp-json\/wp\/v2\/types\/post"}],"author":[{"embeddable":true,"href":"http:\/\/argentinamunicipal.com.ar\/argentina\/wp-json\/wp\/v2\/users\/2"}],"replies":[{"embeddable":true,"href":"http:\/\/argentinamunicipal.com.ar\/argentina\/wp-json\/wp\/v2\/comments?post=120955"}],"version-history":[{"count":0,"href":"http:\/\/argentinamunicipal.com.ar\/argentina\/wp-json\/wp\/v2\/posts\/120955\/revisions"}],"wp:featuredmedia":[{"embeddable":true,"href":"http:\/\/argentinamunicipal.com.ar\/argentina\/wp-json\/wp\/v2\/media\/120956"}],"wp:attachment":[{"href":"http:\/\/argentinamunicipal.com.ar\/argentina\/wp-json\/wp\/v2\/media?parent=120955"}],"wp:term":[{"taxonomy":"category","embeddable":true,"href":"http:\/\/argentinamunicipal.com.ar\/argentina\/wp-json\/wp\/v2\/categories?post=120955"},{"taxonomy":"post_tag","embeddable":true,"href":"http:\/\/argentinamunicipal.com.ar\/argentina\/wp-json\/wp\/v2\/tags?post=120955"}],"curies":[{"name":"wp","href":"https:\/\/api.w.org\/{rel}","templated":true}]}}