{"id":120961,"date":"2021-11-30T05:07:55","date_gmt":"2021-11-30T08:07:55","guid":{"rendered":"http:\/\/argentinamunicipal.com.ar\/argentina\/?p=120961"},"modified":"2021-11-29T20:10:37","modified_gmt":"2021-11-29T23:10:37","slug":"el-grupo-de-puebla-debate-sobre-la-actualidad-latinoamericana","status":"publish","type":"post","link":"http:\/\/argentinamunicipal.com.ar\/argentina\/el-grupo-de-puebla-debate-sobre-la-actualidad-latinoamericana\/","title":{"rendered":"El Grupo de Puebla debate sobre la actualidad latinoamericana"},"content":{"rendered":"<p>La agenda tiene su n\u00facleo en la presentaci\u00f3n de un modelo de desarrollo solidario y en la coyuntura regional, donde abordar\u00e1n las elecciones en Honduras, Chile y Brasil, con vistas a la posible participaci\u00f3n de Lula como candidato en los pr\u00f3ximos comicios.<\/p>\n<p>Los procesos electorales en Chile y Honduras, as\u00ed como la situaci\u00f3n en Venezuela y Cuba ser\u00e1n algunos de los temas sobre la actualidad latinoamericana que abordar\u00e1 esta semana el Grupo de Puebla durante su s\u00e9ptimo encuentro en la Ciudad de M\u00e9xico, en el que tambi\u00e9n se debatir\u00e1 la eliminaci\u00f3n de sobretasas del Fondo Monetario Internacional (FMI) reclamada por la Argentina y M\u00e9xico en el G20.<\/p>\n<p>Durante la cumbre, la s\u00e9ptima que celebra este foro desde su fundaci\u00f3n en 2019 pero la tercera presencial tras las realizadas dos a\u00f1os atr\u00e1s en la ciudad mexicana de Puebla y en Buenos Aires, tendr\u00e1 como \u00abcoraz\u00f3n\u00bb\u00a0la presentaci\u00f3n de un modelo de desarrollo solidario, pero la coyuntura regional tambi\u00e9n ser\u00e1 discutida en las sesiones de trabajo, seg\u00fan dijo a T\u00e9lam el excandidato presidencial chileno y fundador del Grupo de Puebla, Marco Enr\u00edquez-Ominami.<\/p>\n<p>\u00abSiempre entendimos que un principio fundador es el de autodeterminaci\u00f3n de los pueblos\u00bb Marco Enr\u00edquez-Ominami<\/p>\n<p>Uno de los temas que estar\u00e1n \u00aben tablas\u00bb son las elecciones presidenciales en Honduras, que se dan en paralelo a la celebraci\u00f3n del encuentro, y tambi\u00e9n las de Chile, cuya segunda vuelta ser\u00e1 celebrada el pr\u00f3ximo 19 de diciembre entre el candidato de extrema derecha Jos\u00e9 Kast y el de izquierda Gabriel Boric.<\/p>\n<p>\u00abManuel Zelaya (miembro del espacio) es el marido de la candidata de Honduras Xiomara Castro y yo fui candidato en Chile, es un grupo muy conectado\u00bb, se\u00f1al\u00f3 Enr\u00edquez-Ominami, quien subray\u00f3 que uno de los objetivos fundadores del foro era construir \u00abun grupo activo de pol\u00edticos que participan del debate p\u00fablico\u00bb.<\/p>\n<p>Durante la cita en la capital mexicana, se abordar\u00e1n asimismo las futuras elecciones en Brasil, en las que se espera que uno de los fundadores del grupo,\u00a0el exmandatario Luiz In\u00e1cio Lula da Silva, se presente como candidato\u00a0ante Jair Bolsonaro, as\u00ed como la situaci\u00f3n pol\u00edtica en Cuba y Venezuela.<\/p>\n<p>Con respecto al reciente proceso electoral en Nicaragua, que culmin\u00f3 con la reelecci\u00f3n de Daniel Ortega y fue tildado de \u00abileg\u00edtimo\u00bb por 25 pa\u00edses de la Organizaci\u00f3n de Estados Americanos (OEA) -entre ellos la Argentina-, explic\u00f3 que el tema \u00abno est\u00e1 en tablas\u00bb, pero que inevitablemente ser\u00e1 tratado.<\/p>\n<p>\u00abEs un grupo de animales pol\u00edticos, va ocurrir igual. O sea, vamos a tener que conversar de eso\u00bb, detall\u00f3.<\/p>\n<p>Otro de los asuntos a deliberar ser\u00e1 el reclamo hecho por la Argentina y M\u00e9xico en la cumbre de l\u00edderes del G20, celebrada a finales de octubre en Roma, a favor de que el FMI elimine o reduzca \u00absignificativamente\u00bb las sobretasas.<\/p>\n<p>El tambi\u00e9n coordinador del Grupo de Puebla record\u00f3, en la misma l\u00ednea, que el foro ya propuso en reuniones pasadas una moratoria en materia de deuda, al igual que una renta b\u00e1sica.<\/p>\n<p>M\u00e1s all\u00e1 de la agenda prevista, el pol\u00edtico chileno se\u00f1al\u00f3 que la actualidad puede irrumpir en el encuentro, como sucedi\u00f3 durante la cumbre en Buenos Aires, en la que en la v\u00edspera Lula fue liberado tras pasar m\u00e1s de a\u00f1o y medio en prisi\u00f3n, mientras que el d\u00eda de cierre el entonces presidente boliviano Evo Morales renunci\u00f3 al cargo presionado por los militares.<\/p>\n<p><strong>Incidencia de la cumbre en latinoam\u00e9rica<\/strong><\/p>\n<p>El Grupo de Puebla tuvo un rol fundamental para garantizar la posterior salida del pa\u00eds del exmandatario boliviano, primero, rumbo hacia M\u00e9xico y luego a Argentina.<\/p>\n<p>\u00abImag\u00ednate que en Honduras pase una cosa, que en Chile pase otra cosa. Van pasando cosas y creo que nuestra fortaleza ha sido la agilidad y la velocidad\u00bb, declar\u00f3.<\/p>\n<p>En ese sentido, se refiri\u00f3 al proceso chileno y consider\u00f3 que su pa\u00eds atraviesa un momento \u00abgrande\u00bb, por ser el primero en el mundo en tener una asamblea constituyente paritaria presidida por una mujer mapuche, y a la vez \u00abmuy grave\u00bb, tras encabezar la primera vuelta electoral un pinochetista que se opone a la misma.<\/p>\n<p>El Grupo de Puebla tendr\u00e1 una reflexi\u00f3n al respecto, puntualiz\u00f3, ya que honra valores como la democracia y el rechazo a la dictadura.<\/p>\n<p>\u00abSiempre entendimos que un principio fundador es el de autodeterminaci\u00f3n de los pueblos y la no injerencia. Entonces, todo lo que dice Puebla es infinitamente m\u00e1s riguroso que elegir el timo del Grupo de Lima que se qued\u00f3 sin Lima o del Foro de Madrid que invent\u00f3 (el partido espa\u00f1ol del ultraderecha) Vox para enfrentar a Puebla\u00bb, manifest\u00f3.<\/p>\n<p>Adem\u00e1s, precis\u00f3 que\u00a0Kast propuso en su programa de Gobierno retirarse de Naciones Unidas y \u00abcrear una coordinaci\u00f3n internacional para frenar el expansionismo de la izquierda radical\u00bb, lo que calific\u00f3 de \u00abbarbaridad\u00bb.<\/p>\n<p>\u00abLa pregunta es: \u00bfa qui\u00e9n se refiere el candidato Kast?\u00bfSe referir\u00e1 a Puebla?\u00bfCu\u00e1les son los grupos latinoamericanos de izquierda radical? Porque no pone nombre y apellido\u00bb, plante\u00f3.<\/p>\n<p>\u00abNo organizamos ninguna protesta en ninguna parte. Actuamos siempre de frente (&#8230;) pero tambi\u00e9n estamos coordinados y eso es lo que molesta\u00bb Marco Enr\u00edquez-Ominami<\/p>\n<p>A su juicio, el hecho de que el foro sea un grupo de hombres y mujeres libres autoconvocados pone \u00abnerviosa\u00bb a la extrema derecha regional porque no hay ninguna agenda oculta y eso despert\u00f3 un odio \u00abcaricaturesco\u00bb de estos partidos que lanzaron una teor\u00eda de la confrontaci\u00f3n en la que el Grupo de Puebla no participa.<\/p>\n<p>Seg\u00fan explic\u00f3, la ultraderecha invent\u00f3 \u00abcosas delirantes\u00bb sobre este espacio, como que son los organizadores de las protestas en Chile o Colombia \u00absin ninguna prueba\u00bb, lo que consider\u00f3 como \u00abmuy grave\u00bb porque instalan en sus redes sociales una estrategia de demolici\u00f3n a partir de fake news, que lamenta se repliquen y repitan.<\/p>\n<p>\u00abNo organizamos ninguna protesta en ninguna parte. Actuamos siempre de frente (&#8230;) pero tambi\u00e9n estamos coordinados y eso es lo que molesta\u00bb, sentenci\u00f3 y concluy\u00f3: \u00abTenemos un di\u00e1logo permanente con l\u00edderes, senadores, diputados, cancilleres, jefes de Estado y participamos de una sola cosa: la integraci\u00f3n latinoamericana\u00bb<\/p>\n<h6>Fuente: Telam<\/h6>\n","protected":false},"excerpt":{"rendered":"<p>La agenda tiene su n\u00facleo en la presentaci\u00f3n de un modelo de desarrollo solidario y en la coyuntura regional, donde abordar\u00e1n las elecciones en Honduras, Chile y Brasil, con vistas a la posible participaci\u00f3n de Lula como candidato en los pr\u00f3ximos comicios.<\/p>\n","protected":false},"author":2,"featured_media":120962,"comment_status":"closed","ping_status":"closed","sticky":false,"template":"","format":"standard","meta":{"footnotes":""},"categories":[22],"tags":[57],"class_list":["post-120961","post","type-post","status-publish","format-standard","has-post-thumbnail","hentry","category-el-mundo","tag-el-mundo"],"_links":{"self":[{"href":"http:\/\/argentinamunicipal.com.ar\/argentina\/wp-json\/wp\/v2\/posts\/120961","targetHints":{"allow":["GET"]}}],"collection":[{"href":"http:\/\/argentinamunicipal.com.ar\/argentina\/wp-json\/wp\/v2\/posts"}],"about":[{"href":"http:\/\/argentinamunicipal.com.ar\/argentina\/wp-json\/wp\/v2\/types\/post"}],"author":[{"embeddable":true,"href":"http:\/\/argentinamunicipal.com.ar\/argentina\/wp-json\/wp\/v2\/users\/2"}],"replies":[{"embeddable":true,"href":"http:\/\/argentinamunicipal.com.ar\/argentina\/wp-json\/wp\/v2\/comments?post=120961"}],"version-history":[{"count":0,"href":"http:\/\/argentinamunicipal.com.ar\/argentina\/wp-json\/wp\/v2\/posts\/120961\/revisions"}],"wp:featuredmedia":[{"embeddable":true,"href":"http:\/\/argentinamunicipal.com.ar\/argentina\/wp-json\/wp\/v2\/media\/120962"}],"wp:attachment":[{"href":"http:\/\/argentinamunicipal.com.ar\/argentina\/wp-json\/wp\/v2\/media?parent=120961"}],"wp:term":[{"taxonomy":"category","embeddable":true,"href":"http:\/\/argentinamunicipal.com.ar\/argentina\/wp-json\/wp\/v2\/categories?post=120961"},{"taxonomy":"post_tag","embeddable":true,"href":"http:\/\/argentinamunicipal.com.ar\/argentina\/wp-json\/wp\/v2\/tags?post=120961"}],"curies":[{"name":"wp","href":"https:\/\/api.w.org\/{rel}","templated":true}]}}