{"id":120967,"date":"2021-11-30T04:16:24","date_gmt":"2021-11-30T07:16:24","guid":{"rendered":"http:\/\/argentinamunicipal.com.ar\/argentina\/?p=120967"},"modified":"2021-11-29T20:18:10","modified_gmt":"2021-11-29T23:18:10","slug":"america-latina-el-25-de-las-personas-que-perdieron-su-trabajo-en-la-pandemia-todavia-no-lo-recuperaron","status":"publish","type":"post","link":"http:\/\/argentinamunicipal.com.ar\/argentina\/america-latina-el-25-de-las-personas-que-perdieron-su-trabajo-en-la-pandemia-todavia-no-lo-recuperaron\/","title":{"rendered":"America Latina: El 25% de las personas que perdieron su trabajo en la pandemia todav\u00eda no lo recuperaron"},"content":{"rendered":"<p>El dato surge de un relevamiento realizado por el Banco Mundial y el Programa de Naciones Unidas para el Desarrollo, que precisa que la tasa de empleo promedio regional sigue 11 puntos porcentuales por debajo de los niveles prepandemia.<\/p>\n<p>En los pa\u00edses de Am\u00e9rica Latina y el Caribe 1 de cada 4 personas que perdieron su puesto de trabajo durante la pandemia todav\u00eda no lograron recuperarlo y cerca del 50% de los hogares sigue sin alcanzar el nivel de ingreso total que ten\u00eda previo a la crisis, seg\u00fan un relevamiento realizado por el Banco Mundial y el Programa de las Naciones Unidas para el Desarrollo (PNUD).<\/p>\n<p>Los datos surgen de las\u00a0encuestas telef\u00f3nicas\u00a0de alta frecuencia realizadas en 24 pa\u00edses de la regi\u00f3n en forma conjunta entre ambos organismos.<\/p>\n<p>El informe, denominado \u201cUna recuperaci\u00f3n desigual: Tomando el pulso de Am\u00e9rica Latina y el Caribe despu\u00e9s de la pandemia\u201d, fue presentado hoy en una conferencia de prensa.<\/p>\n<p>All\u00ed tambi\u00e9n estimaron que\u00a0la tasa de empleo promedio regional sigue 11 puntos porcentuales por debajo de los niveles prepandemia.<\/p>\n<p>En este sentido, se observ\u00f3 que el empleo formal se redujo en 4,8% y aument\u00f3 el cuentapropismo y la informalidad, mientras que cayeron un 14% las horas promedio de trabajo semanal, afectando principalmente a las mujeres, las y los trabajadores en edades vulnerables y las personas con menor nivel educativo.<\/p>\n<p>Al respecto, se destac\u00f3 que\u00a0las mujeres tuvieron m\u00e1s del doble de probabilidad que los hombres de haber perdido el empleo y m\u00e1s de la mitad abandon\u00f3 la fuerza laboral por completo, ampliando la brecha existente entre g\u00e9neros.<\/p>\n<p>Asimismo, el trabajo del BM y el PNUD, revel\u00f3 que el 60% de las personas que perdi\u00f3 el empleo sali\u00f3 del mercado laboral, lo que tambi\u00e9n determin\u00f3 una reducci\u00f3n de la poblaci\u00f3n econ\u00f3micamente activa (PEA).<\/p>\n<p>De igual forma,\u00a0un segmento importante de la fuerza laboral se desplaz\u00f3 de las empresas m\u00e1s grandes y las medianas hacia las micro y peque\u00f1as empresas, que tienen menos productividad.<\/p>\n<p>En la rueda de prensa que se llev\u00f3 a cabo de manera virtual, la gerenta del grupo de Reducci\u00f3n de la Pobreza y la Desigualdad del Banco Mundial, Ximena Del Carpio, revel\u00f3 que alrededor del 24% de los hogares lleg\u00f3 a quedarse sin comida durante la pandemia, con lo que se duplic\u00f3 la inseguridad alimentaria.<\/p>\n<p>Respecto al impacto de la digitalizaci\u00f3n en las finanzas, los resultados de la encuesta indicaron que el 49% de los hogares aument\u00f3 el uso de servicios y transacciones digitales (banca m\u00f3vil y p\u00e1ginas web).<\/p>\n<p>\u201cLas billeteras m\u00f3viles facilitan el acceso a la banca a segmentos alejados de la banca tradicional (personas mayores, con menos educaci\u00f3n y poblaciones rurales)\u201d, expres\u00f3 la economista jefe del PNUD, Marcela Mel\u00e9ndez.<\/p>\n<p>En sinton\u00eda, se subray\u00f3 que\u00a0el acceso a internet aument\u00f3 significativamente durante la pandemia, y se empezaron a cerrar brechas entre \u00e1reas rurales y urbanas (aunque la distancia a\u00fan persiste).<\/p>\n<p>En tanto, en la presentaci\u00f3n se hizo hincapi\u00e9 en el desaf\u00edo de reducir las brechas digitales y mejorar la calidad educativa de las grandes mayor\u00edas, uno de los principales problemas de la regi\u00f3n, que la pandemia puso en evidencia.<\/p>\n<p>\u201cLa agenda para salir fortalecidos de esta experiencia, debe basarse en mejorar la calidad educativa, en reformas urgentes para favorecer la inversi\u00f3n privada y la creaci\u00f3n de empleo formal y en las oportunidades que ofrece la agenda verde\u201d, concluy\u00f3 el vicepresidente del BM para Am\u00e9rica Latina y el Caribe, Carlos Felipe Jaramillo.<\/p>\n<h6>Fuente: Telam<\/h6>\n","protected":false},"excerpt":{"rendered":"<p>El dato surge de un relevamiento realizado por el Banco Mundial y el Programa de Naciones Unidas para el Desarrollo, que precisa que la tasa de empleo promedio regional sigue 11 puntos porcentuales por debajo de los niveles prepandemia.<\/p>\n","protected":false},"author":2,"featured_media":120968,"comment_status":"closed","ping_status":"closed","sticky":false,"template":"","format":"standard","meta":{"footnotes":""},"categories":[22],"tags":[57],"class_list":["post-120967","post","type-post","status-publish","format-standard","has-post-thumbnail","hentry","category-el-mundo","tag-el-mundo"],"_links":{"self":[{"href":"http:\/\/argentinamunicipal.com.ar\/argentina\/wp-json\/wp\/v2\/posts\/120967","targetHints":{"allow":["GET"]}}],"collection":[{"href":"http:\/\/argentinamunicipal.com.ar\/argentina\/wp-json\/wp\/v2\/posts"}],"about":[{"href":"http:\/\/argentinamunicipal.com.ar\/argentina\/wp-json\/wp\/v2\/types\/post"}],"author":[{"embeddable":true,"href":"http:\/\/argentinamunicipal.com.ar\/argentina\/wp-json\/wp\/v2\/users\/2"}],"replies":[{"embeddable":true,"href":"http:\/\/argentinamunicipal.com.ar\/argentina\/wp-json\/wp\/v2\/comments?post=120967"}],"version-history":[{"count":0,"href":"http:\/\/argentinamunicipal.com.ar\/argentina\/wp-json\/wp\/v2\/posts\/120967\/revisions"}],"wp:featuredmedia":[{"embeddable":true,"href":"http:\/\/argentinamunicipal.com.ar\/argentina\/wp-json\/wp\/v2\/media\/120968"}],"wp:attachment":[{"href":"http:\/\/argentinamunicipal.com.ar\/argentina\/wp-json\/wp\/v2\/media?parent=120967"}],"wp:term":[{"taxonomy":"category","embeddable":true,"href":"http:\/\/argentinamunicipal.com.ar\/argentina\/wp-json\/wp\/v2\/categories?post=120967"},{"taxonomy":"post_tag","embeddable":true,"href":"http:\/\/argentinamunicipal.com.ar\/argentina\/wp-json\/wp\/v2\/tags?post=120967"}],"curies":[{"name":"wp","href":"https:\/\/api.w.org\/{rel}","templated":true}]}}