{"id":120979,"date":"2021-11-30T05:36:41","date_gmt":"2021-11-30T08:36:41","guid":{"rendered":"http:\/\/argentinamunicipal.com.ar\/argentina\/?p=120979"},"modified":"2021-11-29T20:41:02","modified_gmt":"2021-11-29T23:41:02","slug":"elecciones-un-estudio-comparo-la-asistencia-y-los-votos-nulos-con-la-calidad-de-vida-en-santa-fe","status":"publish","type":"post","link":"http:\/\/argentinamunicipal.com.ar\/argentina\/elecciones-un-estudio-comparo-la-asistencia-y-los-votos-nulos-con-la-calidad-de-vida-en-santa-fe\/","title":{"rendered":"Elecciones: un estudio compar\u00f3 la asistencia y los votos nulos con la calidad de vida en Santa Fe"},"content":{"rendered":"<p>Investigadores de la UNL constataron que a medida que mejoran las condiciones de vida, la participaci\u00f3n se incrementa y los votos nulos y blancos disminuyen.<\/p>\n<p>A partir de datos del Tribunal Electoral de Santa Fe, investigadores de la UNL analizaron el comportamiento del voto de la ciudadan\u00eda en las elecciones del 14 de noviembre de acuerdo a su localizaci\u00f3n en los distintos barrios de la ciudad de Santa Fe.<br \/>\nJavier G\u00f3mez y Gustavo Peretti, docentes investigadores del Departamento de Geograf\u00eda de la Facultad de Humanidades y Ciencias de la UNL (FHUC-UNL) destacan que al agrupar las secciones electorales seg\u00fan la calidad de vida de sus habitantes, se constata que\u00a0a medida que mejoran las condiciones de vida, la participaci\u00f3n en la elecci\u00f3n se incrementa y los\u00a0votos\u00a0nulos y blancos disminuyen.<\/p>\n<p>En este sentido, mientras que las secciones electorales, ubicadas mayoritariamente en el centro de la ciudad, con calidad de vida m\u00e1s favorable la asistencia fue del 72,5% y el voto nulo y blanco de s\u00f3lo el 4,1%; en las secciones electorales con calidad de vida m\u00e1s desfavorable, situadas de manera preferencial en el cord\u00f3n oeste, la asistencia fue de apenas el 59% y la suma de los votos nulos y blancos ascienden al 7,8%.<\/p>\n<p><strong>Asistencia<\/strong><br \/>\nLos c\u00f3mputos provisorios de la elecciones generales del pasado 14 de noviembre para la categor\u00eda de concejales confirman el triunfo de \u201cJuntos por el Cambio\u201d (JxC) con un 31,47% de los votos afirmativos. Diez puntos por debajo -21,49%- se ubica el \u201cFrente Progresista, C\u00edvico y Social\u201d (FPCyS) y con el 17,24% el \u201cFrente de Todos\u201d (FdT). Con cifras que cercanas al 10% se sit\u00faan las listas de \u201cMejor\u201d y de \u201cUni\u00f3n Federal\u201d (UF). \u201cBarrio 88\u201d (B88) y el \u201cFrente Federal Vida y Familia\u201d (FFVF) obtienen el 5,37% y 4,94% respectivamente.<\/p>\n<p>Un primer dato llamativo es la disparidad respecto de la participaci\u00f3n de la ciudadan\u00eda en los comicios seg\u00fan las distintas secciones en que se subdivide electoralmente la jurisdicci\u00f3n municipal de Santa Fe.\u00a0Los n\u00fameros del escrutinio provisorio se\u00f1alan que la secci\u00f3n electoral \u201cTercera\u201d (Candioti) es la que presenta la m\u00e1s alta concurrencia (75,27%) mientras que la \u201cSub Comisar\u00eda Tercera (Piquete)\u201d es la que muestra la menor (57,25%). La brecha de 18 puntos entre ambos extremos marca una importante diferencia y al mismo tiempo abre algunos interrogantes.<\/p>\n<p>Otras secciones con alta concurrencia fueron la \u201cCuarta\u201d (Barrio Roma), \u201cQuinta\u201d (Sgto. Cabral), \u201cUnd\u00e9cima\u201d (Fomento 9 de Julio) y \u201cSub Comisar\u00eda S\u00e9ptima\u201d (El Pozo), en todas ellas por encima del 70%.<\/p>\n<p>En tanto que otras secciones con baja participaci\u00f3n relativa han sido la secci\u00f3n \u201cD\u00e9cima\u201d (Las Flores), \u201cSub Comisar\u00eda Segunda\u201d (Santa Rosa de Lima) y \u201cLa Guardia\u201d, en las cuales no se alcanz\u00f3 el 60%.<\/p>\n<p><strong>Voto en blanco y nulo<\/strong><br \/>\nRespecto de los votos en blanco), se puede se\u00f1alar una pauta territorial igualmente heterog\u00e9nea. A\u00a0nivel municipal, el mismo alcanza un valor 1,7%. Sin embargo, As\u00ed como la secci\u00f3n \u201cTercera\u201d tiene un bajo valor (1,12%), en La Guardia ese n\u00famero se triplic\u00f3 alcanzando el 3,72%.<\/p>\n<p>Otras secciones con los m\u00e1s elevados niveles de voto en blanco fueron las siguientes: Colastin\u00e9, Alto Verde, Sub Comisar\u00eda Segunda, Sub Comisar\u00eda Tercera y Sexta (Barranquitas); en tanto que se mantiene bajo en aquellas secciones ubicadas fundamentalmente en el centro de la ciudad.<\/p>\n<p>En cuanto al comportamiento del voto nulo, se observan valores m\u00e1s elevados que el voto en blanco y, del mismo modo, una clara diferenciaci\u00f3n territorial.\u00a0As\u00ed como en la secci\u00f3n \u201cPrimera\u201d los votos nulos no superaron el 2,25%, en \u201cLa Guardia\u201d trepan al 6,91%.<\/p>\n<p>Al analizar en conjunto la concurrencia al acto electoral y la influencia del voto en blanco y el voto nulo, podemos cuantificar el porcentaje de votantes que eligi\u00f3 efectivamente una candidatura. De este modo, as\u00ed como en la secci\u00f3n \u201cTercera\u201d el 71,80% de los electores se decant\u00f3 por algunas de las preferencias ofrecidas, en \u201cLa Guardia\u201d esa cifra s\u00f3lo lleg\u00f3 al 47,82%. En efecto, en esta \u00faltima secci\u00f3n, y asimismo en la secci\u00f3n \u201cSub Comisar\u00eda Segunda\u201d y \u201cSub Comisar\u00eda Tercera\u201d, los votos afirmativos no alcanzan al 50%.<\/p>\n<h6>Fuente: Uno<\/h6>\n","protected":false},"excerpt":{"rendered":"<p>Investigadores de la UNL constataron que a medida que mejoran las condiciones de vida, la participaci\u00f3n se incrementa y los votos nulos y blancos disminuyen.<\/p>\n","protected":false},"author":2,"featured_media":120980,"comment_status":"closed","ping_status":"closed","sticky":false,"template":"","format":"standard","meta":{"footnotes":""},"categories":[2],"tags":[10],"class_list":["post-120979","post","type-post","status-publish","format-standard","has-post-thumbnail","hentry","category-informe-municipal","tag-santa-fe"],"_links":{"self":[{"href":"http:\/\/argentinamunicipal.com.ar\/argentina\/wp-json\/wp\/v2\/posts\/120979","targetHints":{"allow":["GET"]}}],"collection":[{"href":"http:\/\/argentinamunicipal.com.ar\/argentina\/wp-json\/wp\/v2\/posts"}],"about":[{"href":"http:\/\/argentinamunicipal.com.ar\/argentina\/wp-json\/wp\/v2\/types\/post"}],"author":[{"embeddable":true,"href":"http:\/\/argentinamunicipal.com.ar\/argentina\/wp-json\/wp\/v2\/users\/2"}],"replies":[{"embeddable":true,"href":"http:\/\/argentinamunicipal.com.ar\/argentina\/wp-json\/wp\/v2\/comments?post=120979"}],"version-history":[{"count":0,"href":"http:\/\/argentinamunicipal.com.ar\/argentina\/wp-json\/wp\/v2\/posts\/120979\/revisions"}],"wp:featuredmedia":[{"embeddable":true,"href":"http:\/\/argentinamunicipal.com.ar\/argentina\/wp-json\/wp\/v2\/media\/120980"}],"wp:attachment":[{"href":"http:\/\/argentinamunicipal.com.ar\/argentina\/wp-json\/wp\/v2\/media?parent=120979"}],"wp:term":[{"taxonomy":"category","embeddable":true,"href":"http:\/\/argentinamunicipal.com.ar\/argentina\/wp-json\/wp\/v2\/categories?post=120979"},{"taxonomy":"post_tag","embeddable":true,"href":"http:\/\/argentinamunicipal.com.ar\/argentina\/wp-json\/wp\/v2\/tags?post=120979"}],"curies":[{"name":"wp","href":"https:\/\/api.w.org\/{rel}","templated":true}]}}