{"id":120982,"date":"2021-11-30T04:51:10","date_gmt":"2021-11-30T07:51:10","guid":{"rendered":"http:\/\/argentinamunicipal.com.ar\/argentina\/?p=120982"},"modified":"2021-11-29T20:53:00","modified_gmt":"2021-11-29T23:53:00","slug":"los-pueblos-santafesinos-que-buscan-ser-ciudades","status":"publish","type":"post","link":"http:\/\/argentinamunicipal.com.ar\/argentina\/los-pueblos-santafesinos-que-buscan-ser-ciudades\/","title":{"rendered":"Los pueblos santafesinos que buscan ser ciudades"},"content":{"rendered":"<p>La C\u00e1mara de Senadores dio media sanci\u00f3n al cambio de categor\u00eda de cuatro localidades.<\/p>\n<p>Durante la \u00faltima sesi\u00f3n Ordinaria, la C\u00e1mara de Senadores vot\u00f3 con fuerza de media sanci\u00f3n distintos proyectos de ley para declarar ciudad a las localidades de Villa Minetti, Gobernador Crespo, Teodelina y Elortondo.<\/p>\n<p>Los cuatro asuntos\u00a0pasaron a Diputados\u00a0donde hay dudas respecto del n\u00famero de habitantes que realmente tienen las cuatro localidades, m\u00e1s all\u00e1 de sus m\u00e9ritos para otorgarles el paso de categor\u00eda.<\/p>\n<p>Seg\u00fan establece el r\u00e9gimen municipal, \u00ablas poblaciones\u00a0que tengan m\u00e1s de diez mil habitantes\u00a0se organizan como municipios por ley que la Legislatura dicte en cada caso, y las que no re\u00fanan tal condici\u00f3n como comunas\u00bb.<\/p>\n<p>La reticencia de la C\u00e1mara Baja en dar fuerza de ley al cambio de nomenclatura radicar\u00eda en que, para todos los casos, el n\u00famero de habitantes\u00a0ser\u00eda menor al necesario\u00a0para dar paso a su conformaci\u00f3n como ciudades, hecho que se habr\u00eda evidenciado en el n\u00famero de empadronados de las \u00faltimas elecciones.<\/p>\n<p>Por su parte, el inter\u00e9s de las comunas en dejar de serlo, tendr\u00eda como factor principal, el\u00a0aumento de la coparticipaci\u00f3n\u00a0recibida por Provincia al constituirse como ciudades, lo que otorgar\u00eda otro aire para el manejo de las arcas locales.<\/p>\n<p>En tanto, durante la \u00faltima sesi\u00f3n legislativa, el representante por San Javier Jos\u00e9 (PJ-Nes)\u00a0propuso\u00a0nuevamente la creaci\u00f3n de la comuna de Colonia Francesa, como una localidad independiente de la ciudad de San Javier, que volvi\u00f3 a tener media sanci\u00f3n. Tambi\u00e9n esa iniciativa tiene pocas chances en Diputados, pero por otras razones m\u00e1s bien pol\u00edticas y partidarias.<\/p>\n<h6>Fuente: Sin Mordaza<\/h6>\n","protected":false},"excerpt":{"rendered":"<p>La C\u00e1mara de Senadores dio media sanci\u00f3n al cambio de categor\u00eda de cuatro localidades.<\/p>\n","protected":false},"author":2,"featured_media":120983,"comment_status":"closed","ping_status":"closed","sticky":false,"template":"","format":"standard","meta":{"footnotes":""},"categories":[2],"tags":[10],"class_list":["post-120982","post","type-post","status-publish","format-standard","has-post-thumbnail","hentry","category-informe-municipal","tag-santa-fe"],"_links":{"self":[{"href":"http:\/\/argentinamunicipal.com.ar\/argentina\/wp-json\/wp\/v2\/posts\/120982","targetHints":{"allow":["GET"]}}],"collection":[{"href":"http:\/\/argentinamunicipal.com.ar\/argentina\/wp-json\/wp\/v2\/posts"}],"about":[{"href":"http:\/\/argentinamunicipal.com.ar\/argentina\/wp-json\/wp\/v2\/types\/post"}],"author":[{"embeddable":true,"href":"http:\/\/argentinamunicipal.com.ar\/argentina\/wp-json\/wp\/v2\/users\/2"}],"replies":[{"embeddable":true,"href":"http:\/\/argentinamunicipal.com.ar\/argentina\/wp-json\/wp\/v2\/comments?post=120982"}],"version-history":[{"count":0,"href":"http:\/\/argentinamunicipal.com.ar\/argentina\/wp-json\/wp\/v2\/posts\/120982\/revisions"}],"wp:featuredmedia":[{"embeddable":true,"href":"http:\/\/argentinamunicipal.com.ar\/argentina\/wp-json\/wp\/v2\/media\/120983"}],"wp:attachment":[{"href":"http:\/\/argentinamunicipal.com.ar\/argentina\/wp-json\/wp\/v2\/media?parent=120982"}],"wp:term":[{"taxonomy":"category","embeddable":true,"href":"http:\/\/argentinamunicipal.com.ar\/argentina\/wp-json\/wp\/v2\/categories?post=120982"},{"taxonomy":"post_tag","embeddable":true,"href":"http:\/\/argentinamunicipal.com.ar\/argentina\/wp-json\/wp\/v2\/tags?post=120982"}],"curies":[{"name":"wp","href":"https:\/\/api.w.org\/{rel}","templated":true}]}}