{"id":12108,"date":"2014-07-24T07:26:54","date_gmt":"2014-07-24T10:26:54","guid":{"rendered":"http:\/\/argentinamunicipal.com.ar\/argentina\/?p=12108"},"modified":"2014-07-23T17:29:47","modified_gmt":"2014-07-23T20:29:47","slug":"de-la-sota-quiere-que-cordoba-sea-la-segunda-provincia-con-ley-de-descanso-dominical","status":"publish","type":"post","link":"http:\/\/argentinamunicipal.com.ar\/argentina\/de-la-sota-quiere-que-cordoba-sea-la-segunda-provincia-con-ley-de-descanso-dominical\/","title":{"rendered":"De la Sota quiere que C\u00f3rdoba sea la segunda provincia con ley de descanso dominical"},"content":{"rendered":"<p><a href=\"http:\/\/argentinamunicipal.com.ar\/argentina\/wp-content\/uploads\/2014\/07\/173076_img.jpg\"><img loading=\"lazy\" decoding=\"async\" class=\"alignleft size-full wp-image-12109\" src=\"http:\/\/argentinamunicipal.com.ar\/argentina\/wp-content\/uploads\/2014\/07\/173076_img.jpg\" alt=\"173076_img\" width=\"520\" height=\"312\" srcset=\"http:\/\/argentinamunicipal.com.ar\/argentina\/wp-content\/uploads\/2014\/07\/173076_img.jpg 520w, http:\/\/argentinamunicipal.com.ar\/argentina\/wp-content\/uploads\/2014\/07\/173076_img-300x179.jpg 300w\" sizes=\"auto, (max-width: 520px) 100vw, 520px\" \/><\/a>Lo prometi\u00f3 ante el gremio de Comercio de Santa Fe, provincia donde la iniciativa ya tiene media sanci\u00f3n.<\/p>\n<p>El gobernador Jos\u00e9 Manuel de la Sota prometi\u00f3 el s\u00e1bado impulsar en la Legislatura de C\u00f3rdoba un proyecto de ley de \u201cdescanso dominical\u201d de los empleados de comercio de la provincia para que el domingo sea una jornada no laborable. Se trata de un reclamo permanente del gremio de Comercio, que hasta el momento no hab\u00eda tenido eco legislativo en C\u00f3rdoba. En caso de prosperar la iniciativa, C\u00f3rdoba ser\u00eda la segunda provincia del pa\u00eds en establecer el descanso dominical para el Comercio, ya que desde junio del a\u00f1o pasado la normativa rige en La Pampa.<\/p>\n<p>El gobernador hizo el anuncio en Rosario, donde se reuni\u00f3 con la Asociaci\u00f3n Empleados de Comercio (AEC) de esa ciudad santafesina, en el marco de sus giras de posicionamiento pol\u00edtico nacional. En Santa Fe, el proyecto tiene media sanci\u00f3n en la C\u00e1mara de Diputados de la Provincia y espera la aprobaci\u00f3n en el Senado. \u201cMe parece muy l\u00f3gico este proyecto para que los trabajadores mercantiles dediquen el d\u00eda domingo a la familia. S\u00f3lo si rescatamos a la misma, podremos solucionar muchos de los males que nos aquejan a los argentinos\u201d, se\u00f1al\u00f3 De la Sota a los dirigentes mercantiles, seg\u00fan declaraciones levantadas por la AEC.<\/p>\n<p>Seg\u00fan pudo averiguar este diario, hasta ayer no hab\u00eda noticias en la Legislatura una iniciativa en este sentido. Desde el Ejecutivo, el ministro de Comunicaci\u00f3n Jorge Lawson dijo que habr\u00e1 que esperar la \u201cevoluci\u00f3n\u201d del tema, que a\u00fan no habr\u00eda sido planteado formalmente ante el empresariado cordob\u00e9s nucleado en el Grupo de los Seis (G6).<\/p>\n<p>En la provincia hay unos 160 mil empleados de comercio, pero el sector ocupa a unos 240 personas, si se suman los propietarios de los negocios que trabajan en los mismos. En general, la principal objeci\u00f3n proviene de las grandes superficies comerciales y de los shoppings, cuyos directivos argumentan que los d\u00edas domingo son los de mayores ventas.<\/p>\n<p>De hecho, la C\u00e1mara Argentina de Shopping Centers, a trav\u00e9s de su vicepresidente Ram\u00f3n Villaveir\u00e1n, rechaz\u00f3 el proyecto que tiene media sanci\u00f3n en la Legislatura de Santa Fe y advirti\u00f3 que la principal consecuencia de la ley ser\u00e1 \u201cla desocupaci\u00f3n\u201d y el despido de trabajadores. Los representantes de los shoppings pidieron al Senado provincial \u201cmadurez\u201d al momento de abordar el proyecto. Tras se\u00f1alar que los comercios de los shoppings fueron pensados para \u201cabrir en domingo\u201d, Villaveir\u00e1n afirm\u00f3 que la jornada laboral de los domingos es \u201cun derecho de los trabajadores\u201d y un beneficio, porque se paga m\u00e1s que el resto de los d\u00edas, con lo que los empleados \u201cse pueden comprar un autito\u201d<\/p>\n<p>Otra posici\u00f3n es la de la Iglesia Cat\u00f3lica. El arzobispo de C\u00f3rdoba, Carlos \u00d1\u00e1\u00f1ez, y el propio papa Francisco, han reclamado en reiteradas oportunidades el cierre de comercios los d\u00edas domingo para promover la vida en familia de los empleados.<\/p>\n<p>LA MA\u00d1ANA habl\u00f3 con el presidente de la C\u00e1mara de Comercio de C\u00f3rdoba, Horacio Busso, quien se mostr\u00f3 de acuerdo con el \u201cdescanso dominical\u201d, pero consider\u00f3 que \u201cser\u00e1 imposible hacerlo obligatorio para todo el mundo\u201d. \u201cPor ejemplo, en las zonas tur\u00edsticas, como Villa Carlos Paz, Villa General Belgrano, u otras ciudades, las ventas del domingo salvan toda la semana\u201d, indic\u00f3 el empresario. \u201cNo es una mala ideal pero habr\u00e1 que hablar con todos los sectores, acordar con todos, y no pretender que sea obligatorio para todos por igual\u201d, dijo, y desliz\u00f3 la posibilidad de que en el caso de los shoppings, tengan un horario diferenciado.<\/p>\n<p>Por su parte, el vicepresidente de la C\u00e1mara de Supermercados, Benjam\u00edn Blanch, sostuvo que \u201cpersonalmente\u201d est\u00e1 de acuerdo con el \u201cdescanso dominical\u201d, pero que en el sector y en la C\u00e1mara \u201clas opiniones est\u00e1n divididas\u201d. \u201cLos h\u00edper y las cadenas de supermercados quieren trabajar los domingos, pero si hay una ley, todos tendr\u00e1n que acatarla\u201d, remarc\u00f3. \u201cSi De la Sota lo puede hacer, lo felicito. Hace a\u00f1os que vengo luchando para que los trabajadores tengan su d\u00eda de descanso el domingo\u201d, afirm\u00f3 Blanch, seg\u00fan el cual ventas de un d\u00eda domingo \u201cno pueden definir el \u00e9xito de una empresa o comercio\u201d.<\/p>\n<p>Fuente: La Ma\u00f1ana de C\u00f3rdoba<\/p>\n","protected":false},"excerpt":{"rendered":"<p>Lo prometi\u00f3 ante el gremio de Comercio de Santa Fe, provincia donde la iniciativa ya tiene media sanci\u00f3n. El gobernador Jos\u00e9 Manuel de la Sota prometi\u00f3 el s\u00e1bado impulsar en la Legislatura de C\u00f3rdoba un proyecto de ley de \u201cdescanso dominical\u201d de los empleados de comercio de la provincia para que el domingo sea una<\/p>\n","protected":false},"author":2,"featured_media":12109,"comment_status":"closed","ping_status":"closed","sticky":false,"template":"","format":"standard","meta":{"footnotes":""},"categories":[2],"tags":[3],"class_list":["post-12108","post","type-post","status-publish","format-standard","has-post-thumbnail","hentry","category-informe-municipal","tag-cordoba"],"_links":{"self":[{"href":"http:\/\/argentinamunicipal.com.ar\/argentina\/wp-json\/wp\/v2\/posts\/12108","targetHints":{"allow":["GET"]}}],"collection":[{"href":"http:\/\/argentinamunicipal.com.ar\/argentina\/wp-json\/wp\/v2\/posts"}],"about":[{"href":"http:\/\/argentinamunicipal.com.ar\/argentina\/wp-json\/wp\/v2\/types\/post"}],"author":[{"embeddable":true,"href":"http:\/\/argentinamunicipal.com.ar\/argentina\/wp-json\/wp\/v2\/users\/2"}],"replies":[{"embeddable":true,"href":"http:\/\/argentinamunicipal.com.ar\/argentina\/wp-json\/wp\/v2\/comments?post=12108"}],"version-history":[{"count":0,"href":"http:\/\/argentinamunicipal.com.ar\/argentina\/wp-json\/wp\/v2\/posts\/12108\/revisions"}],"wp:featuredmedia":[{"embeddable":true,"href":"http:\/\/argentinamunicipal.com.ar\/argentina\/wp-json\/wp\/v2\/media\/12109"}],"wp:attachment":[{"href":"http:\/\/argentinamunicipal.com.ar\/argentina\/wp-json\/wp\/v2\/media?parent=12108"}],"wp:term":[{"taxonomy":"category","embeddable":true,"href":"http:\/\/argentinamunicipal.com.ar\/argentina\/wp-json\/wp\/v2\/categories?post=12108"},{"taxonomy":"post_tag","embeddable":true,"href":"http:\/\/argentinamunicipal.com.ar\/argentina\/wp-json\/wp\/v2\/tags?post=12108"}],"curies":[{"name":"wp","href":"https:\/\/api.w.org\/{rel}","templated":true}]}}