{"id":121215,"date":"2021-12-07T05:38:48","date_gmt":"2021-12-07T08:38:48","guid":{"rendered":"http:\/\/argentinamunicipal.com.ar\/argentina\/?p=121215"},"modified":"2021-12-06T20:42:30","modified_gmt":"2021-12-06T23:42:30","slug":"venado-tuerto-lanzan-un-programa-de-formacion-e-inclusion-laboral-destinado-a-mujeres-jovenes-y-desempleadas","status":"publish","type":"post","link":"http:\/\/argentinamunicipal.com.ar\/argentina\/venado-tuerto-lanzan-un-programa-de-formacion-e-inclusion-laboral-destinado-a-mujeres-jovenes-y-desempleadas\/","title":{"rendered":"Venado Tuerto: Lanzan un programa de formaci\u00f3n e inclusi\u00f3n laboral destinado a mujeres j\u00f3venes y desempleadas"},"content":{"rendered":"<p>En Venado Tuerto son m\u00e1s las mujeres que buscan trabajo que los hombres y por eso las autoridades municipales ponen en marcha el programa Futuras, para j\u00f3venes de 18 a 30 a\u00f1os<\/p>\n<p>La municipalidad de Venado Tuerto y la directora provincial de Promoci\u00f3n del Empleo Digno, Fernanda Medina, anunciaron la puesta en marcha en nuestra ciudad del\u00a0Programa\u00a0Futuras, que tiene como meta promover la capacitaci\u00f3n y facilitar la\u00a0inserci\u00f3n\u00a0laboral\u00a0de\u00a0mujeres\u00a0entre 18 y 30 a\u00f1os, que hayan culminado la escuela secundaria.\u00a0En Venado Tuerto, seg\u00fan un relevamiento municipal, son muchas m\u00e1s las mujeres que buscan trabajo que los hombres.<br \/>\nEl Programa Futuras responde a una l\u00ednea de gesti\u00f3n para mejorar las condiciones de empleabilidad de mujeres j\u00f3venes, de escasos recursos econ\u00f3micos, a trav\u00e9s de proyectos de capacitaci\u00f3n y pr\u00e1cticas laborales e incentivos econ\u00f3micos a las empresas que incrementen su dotaci\u00f3n con las beneficiarias del programa, comprometiendo para tal fin a municipios, empresas y c\u00e1maras industriales.<\/p>\n<p>Este programa consta de una primera etapa de capacitaci\u00f3n y luego de pr\u00e1ctica de las tareas aprendidas en el seno de una empresa. A trav\u00e9s de la Direcci\u00f3n de Empleo municipal y junto a la C\u00e1mara Regional de la Industria y Comercio Exterior (Cricex), se proyect\u00f3 la formaci\u00f3n de 20 soldadoras, un oficio demandado y que reconoce antecedentes de incorporaci\u00f3n de mujeres en industrias de nuestro medio.<\/p>\n<p><strong>Trabajo de articulaci\u00f3n<\/strong><br \/>\nDurante la firma del convenio de adhesi\u00f3n, el intendente Leonel Chiarella manifest\u00f3 que \u201cen nuestra ciudad tenemos un mayor nivel de desocupaci\u00f3n en mujeres que en hombres, y esto nos lleva a pensar en pol\u00edticas p\u00fablicas que incentiven este tipo de programas.\u00a0En nuestra base de datos tenemos un 60 por ciento de Curriculum Vitae (CV) de mujeres que buscan trabajo, y m\u00e1s del 25 por ciento de ese universo de mujeres que busca m\u00e1s trabajo\u201d, tal los indicadores que se desprenden de la encuesta laboral elaborada por el gobierno local.<\/p>\n<p>\u201cQuiero destacar este trabajo conjunto de articulaci\u00f3n que hacemos con la provincia y con entidades como Cricex, que hacen a la capacitaci\u00f3n y a la inserci\u00f3n laboral, pero pensadas desde la necesidad concreta de nuestros sectores productivos, que es una mirada compartida\u201d, ampli\u00f3.<\/p>\n<p><strong>Perspectiva de g\u00e9nero<\/strong><br \/>\nPor su parte, Medina asever\u00f3 que\u00a0\u201cestamos saliendo de la pandemia y es importante recuperar el empleo y la productividad. Con este programa estamos incorporando la perspectiva de g\u00e9nero. Mediante este convenio efectivizamos esta posibilidad de convocatoria y selecci\u00f3n para 20 mujeres, junto al sector privado.\u00a0Estamos rompiendo un paradigma fuerte, incorporando una mirada de g\u00e9nero en la actividad industrial, y debemos hacerlo dando pasos concretos y de calidad\u201d.<\/p>\n<p>En representaci\u00f3n de la Cricex, su secretaria, Eva Albert, confi\u00f3 que \u201cen nuestra entidad estamos trabajando con la mesa de g\u00e9nero desde hace un a\u00f1o, porque nos parece importante incorporar mujeres a los puestos de trabajo industriales. Este programa nos parece interesante y hemos decidido sumarnos\u201d.<\/p>\n<p><strong>Etapas del programa<\/strong><br \/>\nConforme los proyectos elevados a la provincia, la capacitaci\u00f3n puede durar hasta tres meses, con un cursado de seis horas semanales, percibiendo la beneficiaria una beca est\u00edmulo del 30 por ciento del salario m\u00ednimo, vital y m\u00f3vil (SMVM), siempre que cumpla con el piso del 70 por ciento de asistencia al curso intensivo.<\/p>\n<p>La pr\u00e1ctica laboral puede durar hasta seis, percibiendo la beneficiaria una beca est\u00edmulo del 60 por ciento del SMVM, debiendo cumplir en este caso con una carga laboral de 20 horas semanales. Finalmente, la empresa que incorpore al personal femenino capacitado recibir\u00e1 como incentivo econ\u00f3mico de la provincia un 85 por ciento del SMVM por un lapso de seis meses. El resto ser\u00e1 abonado por el privado conforme el convenio del rubro.<\/p>\n<p>Los detalles de cada una de las etapas estuvieron a cargo del coordinador del programa, Agust\u00edn Russo.\u00a0Las inscripciones al Programa Futuras deber\u00e1n hacerse online en el link cursos de la p\u00e1gina web municipal (venadotuerto. gob.ar) del 1 al 10 de diciembre. Luego de la inscripci\u00f3n ser\u00e1n contactadas para una entrevista personal hasta cubrir el cupo de 20 mujeres.<\/p>\n<h6>Fuente: La Capital<\/h6>\n","protected":false},"excerpt":{"rendered":"<p>En Venado Tuerto son m\u00e1s las mujeres que buscan trabajo que los hombres y por eso las autoridades municipales ponen en marcha el programa Futuras, para j\u00f3venes de 18 a 30 a\u00f1os<\/p>\n","protected":false},"author":2,"featured_media":121216,"comment_status":"closed","ping_status":"closed","sticky":false,"template":"","format":"standard","meta":{"footnotes":""},"categories":[2],"tags":[10],"class_list":["post-121215","post","type-post","status-publish","format-standard","has-post-thumbnail","hentry","category-informe-municipal","tag-santa-fe"],"_links":{"self":[{"href":"http:\/\/argentinamunicipal.com.ar\/argentina\/wp-json\/wp\/v2\/posts\/121215","targetHints":{"allow":["GET"]}}],"collection":[{"href":"http:\/\/argentinamunicipal.com.ar\/argentina\/wp-json\/wp\/v2\/posts"}],"about":[{"href":"http:\/\/argentinamunicipal.com.ar\/argentina\/wp-json\/wp\/v2\/types\/post"}],"author":[{"embeddable":true,"href":"http:\/\/argentinamunicipal.com.ar\/argentina\/wp-json\/wp\/v2\/users\/2"}],"replies":[{"embeddable":true,"href":"http:\/\/argentinamunicipal.com.ar\/argentina\/wp-json\/wp\/v2\/comments?post=121215"}],"version-history":[{"count":0,"href":"http:\/\/argentinamunicipal.com.ar\/argentina\/wp-json\/wp\/v2\/posts\/121215\/revisions"}],"wp:featuredmedia":[{"embeddable":true,"href":"http:\/\/argentinamunicipal.com.ar\/argentina\/wp-json\/wp\/v2\/media\/121216"}],"wp:attachment":[{"href":"http:\/\/argentinamunicipal.com.ar\/argentina\/wp-json\/wp\/v2\/media?parent=121215"}],"wp:term":[{"taxonomy":"category","embeddable":true,"href":"http:\/\/argentinamunicipal.com.ar\/argentina\/wp-json\/wp\/v2\/categories?post=121215"},{"taxonomy":"post_tag","embeddable":true,"href":"http:\/\/argentinamunicipal.com.ar\/argentina\/wp-json\/wp\/v2\/tags?post=121215"}],"curies":[{"name":"wp","href":"https:\/\/api.w.org\/{rel}","templated":true}]}}